{"id":5784,"date":"2017-08-30T00:00:00","date_gmt":"2017-08-29T22:00:00","guid":{"rendered":"https:\/\/www.avantio.com\/ttg-rimini-italia-2017\/"},"modified":"2017-08-30T00:00:00","modified_gmt":"2017-08-29T22:00:00","slug":"ttg-rimini-italia-2017","status":"publish","type":"post","link":"https:\/\/www.avantio.com\/it\/blog\/ttg-rimini-italia-2017\/","title":{"rendered":"Visita Avantio alla TTG Rimini 2017 in Italia"},"content":{"rendered":"<h2><\/h2>\n<p><iframe loading=\"lazy\" title=\"TTG Rimini Italia 2017\" src=\"https:\/\/player.vimeo.com\/video\/236735168?h=dd74f9103f&amp;dnt=1&amp;app_id=122963\" width=\"1080\" height=\"608\" frameborder=\"0\" allow=\"autoplay; fullscreen; picture-in-picture\" allowfullscreen><\/iframe><\/p>\n<p><span style=\"font-weight: 400\">Il team di Avantio sar\u00e1 presente alla fiera\u00a0<\/span><a title=\"TTg RImini 2017\" href=\"http:\/\/en.ttgincontri.it\/\" target=\"_blank\" rel=\"noopener\"><span style=\"font-weight: 400\">TTG Rimini\u00a0<\/span><\/a><span style=\"font-weight: 400\"><a title=\"TTg RImini 2017\" href=\"http:\/\/en.ttgincontri.it\/\" target=\"_blank\" rel=\"noopener\">2017<\/a>.\u00a0Questo \u00e8\u00a0un evento a cui non si pu\u00f3 mancare. Saremo presenti\u00a0durante i tre giorni della fiera e vi invitiamo a visitarci al nostro stand \u00a0012, dal 12 al 14 Ottobre 2017 alla Fiera di Rimini, Expo Centre.<\/span><\/p>\n<p><span style=\"font-weight: 400\">TTG Rimini 2017 \u00e8 un evento importante per tutti i professionisti del settore, per mantenersi informati sulle tendenze del mercato e sulle novit\u00e1 pi\u00fa importanti, per pianificare il futuro e capire come sta evolvendo il settore. L\u2019evento sar\u00e1 ricco di presentazioni e seminari, con professionisti del settore, con\u00a0occasioni di incontro e opportunit\u00e1 di business.<\/span><\/p>\n<p><span style=\"font-weight: 400\">Il <strong>nostro stand quest\u2019anno sar\u00e0 lo 012<\/strong> (guarda la mappa qui sotto). Se volete prendere un appuntamento per incontrarci, per favore contattateci oppure passate semplicemente dal nostro stand per incontrare uno dei nostri consulenti.<\/span><\/p>\n<p dir=\"ltr\">Nel nostro stand 012 avremo il piacere di contare con\u00a0<strong>HomeAway, Holidu e Traum-Ferienwohungen<\/strong>, alcuni dei nostri\u00a0<a href=\"https:\/\/www.avantio.it\/channel-manager\/\" target=\"_blank\" rel=\"noopener\">Preferred Partners<\/a>.<\/p>\n<p>Annotate gli orari in cui potrete incontrarli. Approfittate di quest\u2019evento per conoscere tutti i dettagli della nostra collaborazione, e vedere come potete approfittarne al massimo.<\/p>\n<h4 style=\"text-align: left\"><strong>12 Ottobre<\/strong><\/h4>\n<p style=\"text-align: left\">15:00 &#8211; 15.30\u00a0<span style=\"color: #000000\"><strong>HomeAway<\/strong><\/span><\/p>\n<h4 style=\"text-align: left\"><strong>13 Ottobre<\/strong><\/h4>\n<p style=\"text-align: left\">11:00 &#8211; 11.30\u00a0<span style=\"color: #000000\"><strong>Holidu<\/strong><\/span><\/p>\n<p style=\"text-align: left\">15:00 &#8211; 15:30<span style=\"color: #f15f41\">\u00a0<span style=\"color: #000000\"><strong>Traum-Ferienwohnungen<\/strong><\/span><\/span><\/p>\n<p style=\"text-align: center\"><strong><span style=\"color: #f15f41\">INVITO<\/span><\/strong><\/p>\n<p style=\"text-align: center\"><strong><span style=\"color: #f15f41\">12-14 Ottobre 2017\u00a0<\/span><\/strong><\/p>\n<p style=\"text-align: center\"><strong><span style=\"color: #f15f41\">TTG Rimini,\u00a0ITALIA<\/span><\/strong><\/p>\n<h2 style=\"text-align: center\"><strong><span style=\"color: #f15f41\">#AvantioEvents<\/span><\/strong><\/h2>\n<p style=\"text-align: justify\"><span style=\"font-weight: 400\">Saremo lieti di spiegarvi tutti i nuovi sviluppi dell&#8217;Avantio VRMS ed aiutarvi a capire come possono migliorare i vostri risultati. Quest\u2019anno presenteremo:<\/span><\/p>\n<ul>\n<li style=\"font-weight: 400;text-align: justify\"><span style=\"font-weight: 400\"><a title=\"Harmony\" href=\"https:\/\/www.avantio.it\/blog\/harmony-business-automation\/\" target=\"_blank\" rel=\"noopener\">Harmony<\/a> &#8211; Uno strumento potente di automatizzazione pensato e creato per ridurre le risorse necessarie a gestire le propriet\u00e1. <\/span><\/li>\n<li style=\"font-weight: 400;text-align: justify\"><span style=\"font-weight: 400\">Nuovissimi web design, studiati per aumentare il tasso di conversione<\/span><\/li>\n<li style=\"font-weight: 400;text-align: justify\"><a href=\"https:\/\/www.avantio.com\/blog\/control-portal-payments\/\"><span style=\"font-weight: 400\">Pagamento dei portali<\/span><\/a><span style=\"font-weight: 400\"> \u2013 \u00a0Uno sviluppo che vi aiuter\u00e1 a controllare come e quando sono realizzati i pagamenti alla vostra agenzia.<\/span><\/li>\n<li style=\"font-weight: 400;text-align: justify\"><strong><span style=\"font-weight: 400\">Nuovi Preferred Partners nel nostro Channel Manager \u2013 tra cui il <\/span><a href=\"https:\/\/www.avantio.it\/partners\/airbnb\/\"><span style=\"font-weight: 400\">portale globale Airbnb<\/span><\/a><span style=\"font-weight: 400\">, e altri portali Europei.<\/span><\/strong><\/li>\n<\/ul>\n<p style=\"text-align: center\">TTG Rimini, RIMINI EXPO CENTRE<br \/>\nStand \u00a0012<br \/>\nVia Emilia 155,<br \/>\n47921 Rimini, Italy<br \/>\n<a href=\"http:\/\/www.ttgincontri.it\/\">http:\/\/www.ttgincontri.it\/<\/a><\/p>\n<p style=\"text-align: justify\"><span style=\"font-weight: 400\">Siamo stati presenti a varie\u00a0fiere in Italia negli ultimi tre anni, presentando nuovi progetti e sviluppi del nostro software. Nelle ultime tre edizioni siamo stati presenti alla <a title=\"Bit Milano\" href=\"https:\/\/www.avantio.it\/blog\/la-visita-avantio-alla-bit-2016\/\">BIT di Milano,<\/a> presentando sviluppi come lo scanner di documenti, l&#8217;esportazione di dati al servizio alloggiati\u00a0della Polizia di Stato e il sistema di ricerca per mappa nei siti web. Quest\u2019anno abbiamo deciso di partecipare alla TTG e saremo felici di\u00a0incontrarvi!<\/span><\/p>\n<p style=\"text-align: justify\"><span style=\"font-weight: 400\">Quest\u2019anno organizzeremo una serie di <a title=\"Eventi Avantio\" href=\"https:\/\/www.avantio.it\/categoria\/eventi\/\">eventi per il settore affitti brevi<\/a> in diverse parti del mondo.\u00a0Per altre informazioni al rispetto, visitate il nostro blog, e mantenetevi informati su tutte le nostre novit\u00e1 nel log-in del Vacation Rental Management Software (VRMS), e nei nostri social. Per ogni altra domanda, non esitate a <a title=\"Contatto Avantio\" href=\"mailto:contatto@avantio.it\" target=\"_blank\" rel=\"noopener\">contattarci via mail.<\/a><\/span><\/p>\n","protected":false},"excerpt":{"rendered":"<p>Il team di Avantio sar\u00e1 presente alla fiera TTG Rimini 2017. Questo \u00e8 un evento a cui non si pu\u00f3 mancare.<\/p>\n","protected":false},"author":8,"featured_media":0,"comment_status":"closed","ping_status":"closed","sticky":false,"template":"","format":"standard","meta":{"_acf_changed":false,"om_disable_all_campaigns":false,"inline_featured_image":false,"footnotes":""},"categories":[172],"tags":[208,251],"class_list":{"0":"post-5784","1":"post","2":"type-post","3":"status-publish","4":"format-standard","6":"category-non-categorizzato","7":"tag-intranet","8":"tag-italia"},"acf":[],"yoast_head":"<!-- This site is optimized with the Yoast SEO Premium plugin v27.0 (Yoast SEO v27.0) - https:\/\/yoast.com\/product\/yoast-seo-premium-wordpress\/ -->\n<title>Visita Avantio alla TTG Rimini 2017 in Italia | Avantio<\/title>\n<meta name=\"robots\" content=\"index, follow, max-snippet:-1, max-image-preview:large, max-video-preview:-1\" \/>\n<link rel=\"canonical\" href=\"https:\/\/www.avantio.com\/it\/blog\/ttg-rimini-italia-2017\/\" \/>\n<meta property=\"og:locale\" content=\"it_IT\" \/>\n<meta property=\"og:type\" content=\"article\" \/>\n<meta property=\"og:title\" content=\"Visita Avantio alla TTG Rimini 2017 in Italia\" \/>\n<meta property=\"og:description\" content=\"Il team di Avantio sar\u00e1 presente alla fiera TTG Rimini 2017. Questo \u00e8 un evento a cui non si pu\u00f3 mancare.\" \/>\n<meta property=\"og:url\" content=\"https:\/\/www.avantio.com\/it\/blog\/ttg-rimini-italia-2017\/\" \/>\n<meta property=\"og:site_name\" content=\"Avantio\" \/>\n<meta property=\"article:published_time\" content=\"2017-08-29T22:00:00+00:00\" \/>\n<meta name=\"author\" content=\"webmaster\" \/>\n<meta name=\"twitter:card\" content=\"summary_large_image\" \/>\n<meta name=\"twitter:label1\" content=\"Scritto da\" \/>\n\t<meta name=\"twitter:data1\" content=\"webmaster\" \/>\n\t<meta name=\"twitter:label2\" content=\"Tempo di lettura stimato\" \/>\n\t<meta name=\"twitter:data2\" content=\"2 minuto\" \/>\n<script type=\"application\/ld+json\" class=\"yoast-schema-graph\">{\"@context\":\"https:\/\/schema.org\",\"@graph\":[{\"@type\":[\"Article\",\"BlogPosting\"],\"@id\":\"https:\/\/www.avantio.com\/it\/blog\/ttg-rimini-italia-2017\/#article\",\"isPartOf\":{\"@id\":\"https:\/\/www.avantio.com\/it\/blog\/ttg-rimini-italia-2017\/\"},\"author\":{\"name\":\"webmaster\",\"@id\":\"https:\/\/www.avantio.com\/#\/schema\/person\/6e84f7e423cb083c56847ac788140a5d\"},\"headline\":\"Visita Avantio alla TTG Rimini 2017 in Italia\",\"datePublished\":\"2017-08-29T22:00:00+00:00\",\"mainEntityOfPage\":{\"@id\":\"https:\/\/www.avantio.com\/it\/blog\/ttg-rimini-italia-2017\/\"},\"wordCount\":435,\"publisher\":{\"@id\":\"https:\/\/www.avantio.com\/#organization\"},\"keywords\":[\"Intranet\",\"Italia\"],\"articleSection\":[\"Non categorizzato\"],\"inLanguage\":\"it-IT\"},{\"@type\":\"WebPage\",\"@id\":\"https:\/\/www.avantio.com\/it\/blog\/ttg-rimini-italia-2017\/\",\"url\":\"https:\/\/www.avantio.com\/it\/blog\/ttg-rimini-italia-2017\/\",\"name\":\"Visita Avantio alla TTG Rimini 2017 in Italia | Avantio\",\"isPartOf\":{\"@id\":\"https:\/\/www.avantio.com\/#website\"},\"datePublished\":\"2017-08-29T22:00:00+00:00\",\"breadcrumb\":{\"@id\":\"https:\/\/www.avantio.com\/it\/blog\/ttg-rimini-italia-2017\/#breadcrumb\"},\"inLanguage\":\"it-IT\",\"potentialAction\":[{\"@type\":\"ReadAction\",\"target\":[\"https:\/\/www.avantio.com\/it\/blog\/ttg-rimini-italia-2017\/\"]}]},{\"@type\":\"BreadcrumbList\",\"@id\":\"https:\/\/www.avantio.com\/it\/blog\/ttg-rimini-italia-2017\/#breadcrumb\",\"itemListElement\":[{\"@type\":\"ListItem\",\"position\":1,\"name\":\"Home\",\"item\":\"https:\/\/www.avantio.com\/de\/\"},{\"@type\":\"ListItem\",\"position\":2,\"name\":\"Visita Avantio alla TTG Rimini 2017 in Italia\"}]},{\"@type\":\"WebSite\",\"@id\":\"https:\/\/www.avantio.com\/#website\",\"url\":\"https:\/\/www.avantio.com\/\",\"name\":\"Avantio\",\"description\":\"Vacation Rental Software\",\"publisher\":{\"@id\":\"https:\/\/www.avantio.com\/#organization\"},\"potentialAction\":[{\"@type\":\"SearchAction\",\"target\":{\"@type\":\"EntryPoint\",\"urlTemplate\":\"https:\/\/www.avantio.com\/?s={search_term_string}\"},\"query-input\":{\"@type\":\"PropertyValueSpecification\",\"valueRequired\":true,\"valueName\":\"search_term_string\"}}],\"inLanguage\":\"it-IT\"},{\"@type\":\"Organization\",\"@id\":\"https:\/\/www.avantio.com\/#organization\",\"name\":\"Avantio\",\"url\":\"https:\/\/www.avantio.com\/\",\"logo\":{\"@type\":\"ImageObject\",\"inLanguage\":\"it-IT\",\"@id\":\"https:\/\/www.avantio.com\/#\/schema\/logo\/image\/\",\"url\":\"https:\/\/www.avantio.com\/wp-content\/uploads\/2023\/08\/Avantio.jpg\",\"contentUrl\":\"https:\/\/www.avantio.com\/wp-content\/uploads\/2023\/08\/Avantio.jpg\",\"width\":696,\"height\":696,\"caption\":\"Avantio\"},\"image\":{\"@id\":\"https:\/\/www.avantio.com\/#\/schema\/logo\/image\/\"}},{\"@type\":\"Person\",\"@id\":\"https:\/\/www.avantio.com\/#\/schema\/person\/6e84f7e423cb083c56847ac788140a5d\",\"name\":\"webmaster\",\"image\":{\"@type\":\"ImageObject\",\"inLanguage\":\"it-IT\",\"@id\":\"https:\/\/www.avantio.com\/#\/schema\/person\/image\/\",\"url\":\"https:\/\/secure.gravatar.com\/avatar\/ad435e83488962fb8cb3c453bb14d16bd9ec4f57920b2964ee327f8ab7373877?s=96&d=mm&r=g\",\"contentUrl\":\"https:\/\/secure.gravatar.com\/avatar\/ad435e83488962fb8cb3c453bb14d16bd9ec4f57920b2964ee327f8ab7373877?s=96&d=mm&r=g\",\"caption\":\"webmaster\"},\"sameAs\":[\"https:\/\/www.avantio.com\"]}]}<\/script>\n<meta property=\"og:video\" content=\"https:\/\/player.vimeo.com\/video\/236735168\" \/>\n<meta property=\"og:video:type\" content=\"text\/html\" \/>\n<meta property=\"og:video:duration\" content=\"120\" \/>\n<meta property=\"og:video:width\" content=\"1920\" \/>\n<meta property=\"og:video:height\" content=\"1080\" \/>\n<meta property=\"ya:ovs:adult\" content=\"false\" \/>\n<meta property=\"ya:ovs:upload_date\" content=\"2017-08-29T22:00:00+00:00\" \/>\n<meta property=\"ya:ovs:allow_embed\" content=\"true\" \/>\n<!-- \/ Yoast SEO Premium plugin. -->","yoast_head_json":{"title":"Visita Avantio alla TTG Rimini 2017 in Italia | Avantio","robots":{"index":"index","follow":"follow","max-snippet":"max-snippet:-1","max-image-preview":"max-image-preview:large","max-video-preview":"max-video-preview:-1"},"canonical":"https:\/\/www.avantio.com\/it\/blog\/ttg-rimini-italia-2017\/","og_locale":"it_IT","og_type":"article","og_title":"Visita Avantio alla TTG Rimini 2017 in Italia","og_description":"Il team di Avantio sar\u00e1 presente alla fiera TTG Rimini 2017. Questo \u00e8 un evento a cui non si pu\u00f3 mancare.","og_url":"https:\/\/www.avantio.com\/it\/blog\/ttg-rimini-italia-2017\/","og_site_name":"Avantio","article_published_time":"2017-08-29T22:00:00+00:00","author":"webmaster","twitter_card":"summary_large_image","twitter_misc":{"Scritto da":"webmaster","Tempo di lettura stimato":"2 minuto"},"schema":{"@context":"https:\/\/schema.org","@graph":[{"@type":["Article","BlogPosting"],"@id":"https:\/\/www.avantio.com\/it\/blog\/ttg-rimini-italia-2017\/#article","isPartOf":{"@id":"https:\/\/www.avantio.com\/it\/blog\/ttg-rimini-italia-2017\/"},"author":{"name":"webmaster","@id":"https:\/\/www.avantio.com\/#\/schema\/person\/6e84f7e423cb083c56847ac788140a5d"},"headline":"Visita Avantio alla TTG Rimini 2017 in Italia","datePublished":"2017-08-29T22:00:00+00:00","mainEntityOfPage":{"@id":"https:\/\/www.avantio.com\/it\/blog\/ttg-rimini-italia-2017\/"},"wordCount":435,"publisher":{"@id":"https:\/\/www.avantio.com\/#organization"},"keywords":["Intranet","Italia"],"articleSection":["Non categorizzato"],"inLanguage":"it-IT"},{"@type":"WebPage","@id":"https:\/\/www.avantio.com\/it\/blog\/ttg-rimini-italia-2017\/","url":"https:\/\/www.avantio.com\/it\/blog\/ttg-rimini-italia-2017\/","name":"Visita Avantio alla TTG Rimini 2017 in Italia | Avantio","isPartOf":{"@id":"https:\/\/www.avantio.com\/#website"},"datePublished":"2017-08-29T22:00:00+00:00","breadcrumb":{"@id":"https:\/\/www.avantio.com\/it\/blog\/ttg-rimini-italia-2017\/#breadcrumb"},"inLanguage":"it-IT","potentialAction":[{"@type":"ReadAction","target":["https:\/\/www.avantio.com\/it\/blog\/ttg-rimini-italia-2017\/"]}]},{"@type":"BreadcrumbList","@id":"https:\/\/www.avantio.com\/it\/blog\/ttg-rimini-italia-2017\/#breadcrumb","itemListElement":[{"@type":"ListItem","position":1,"name":"Home","item":"https:\/\/www.avantio.com\/de\/"},{"@type":"ListItem","position":2,"name":"Visita Avantio alla TTG Rimini 2017 in Italia"}]},{"@type":"WebSite","@id":"https:\/\/www.avantio.com\/#website","url":"https:\/\/www.avantio.com\/","name":"Avantio","description":"Vacation Rental Software","publisher":{"@id":"https:\/\/www.avantio.com\/#organization"},"potentialAction":[{"@type":"SearchAction","target":{"@type":"EntryPoint","urlTemplate":"https:\/\/www.avantio.com\/?s={search_term_string}"},"query-input":{"@type":"PropertyValueSpecification","valueRequired":true,"valueName":"search_term_string"}}],"inLanguage":"it-IT"},{"@type":"Organization","@id":"https:\/\/www.avantio.com\/#organization","name":"Avantio","url":"https:\/\/www.avantio.com\/","logo":{"@type":"ImageObject","inLanguage":"it-IT","@id":"https:\/\/www.avantio.com\/#\/schema\/logo\/image\/","url":"https:\/\/www.avantio.com\/wp-content\/uploads\/2023\/08\/Avantio.jpg","contentUrl":"https:\/\/www.avantio.com\/wp-content\/uploads\/2023\/08\/Avantio.jpg","width":696,"height":696,"caption":"Avantio"},"image":{"@id":"https:\/\/www.avantio.com\/#\/schema\/logo\/image\/"}},{"@type":"Person","@id":"https:\/\/www.avantio.com\/#\/schema\/person\/6e84f7e423cb083c56847ac788140a5d","name":"webmaster","image":{"@type":"ImageObject","inLanguage":"it-IT","@id":"https:\/\/www.avantio.com\/#\/schema\/person\/image\/","url":"https:\/\/secure.gravatar.com\/avatar\/ad435e83488962fb8cb3c453bb14d16bd9ec4f57920b2964ee327f8ab7373877?s=96&d=mm&r=g","contentUrl":"https:\/\/secure.gravatar.com\/avatar\/ad435e83488962fb8cb3c453bb14d16bd9ec4f57920b2964ee327f8ab7373877?s=96&d=mm&r=g","caption":"webmaster"},"sameAs":["https:\/\/www.avantio.com"]}]},"og_video":"https:\/\/player.vimeo.com\/video\/236735168","og_video_type":"text\/html","og_video_duration":"120","og_video_width":"1920","og_video_height":"1080","ya_ovs_adult":"false","ya_ovs_upload_date":"2017-08-29T22:00:00+00:00","ya_ovs_allow_embed":"true"},"_links":{"self":[{"href":"https:\/\/www.avantio.com\/it\/wp-json\/wp\/v2\/posts\/5784","targetHints":{"allow":["GET"]}}],"collection":[{"href":"https:\/\/www.avantio.com\/it\/wp-json\/wp\/v2\/posts"}],"about":[{"href":"https:\/\/www.avantio.com\/it\/wp-json\/wp\/v2\/types\/post"}],"author":[{"embeddable":true,"href":"https:\/\/www.avantio.com\/it\/wp-json\/wp\/v2\/users\/8"}],"replies":[{"embeddable":true,"href":"https:\/\/www.avantio.com\/it\/wp-json\/wp\/v2\/comments?post=5784"}],"version-history":[{"count":0,"href":"https:\/\/www.avantio.com\/it\/wp-json\/wp\/v2\/posts\/5784\/revisions"}],"wp:attachment":[{"href":"https:\/\/www.avantio.com\/it\/wp-json\/wp\/v2\/media?parent=5784"}],"wp:term":[{"taxonomy":"category","embeddable":true,"href":"https:\/\/www.avantio.com\/it\/wp-json\/wp\/v2\/categories?post=5784"},{"taxonomy":"post_tag","embeddable":true,"href":"https:\/\/www.avantio.com\/it\/wp-json\/wp\/v2\/tags?post=5784"}],"curies":[{"name":"wp","href":"https:\/\/api.w.org\/{rel}","templated":true}]}}