{"id":5783,"date":"2017-08-17T00:00:00","date_gmt":"2017-08-16T22:00:00","guid":{"rendered":"https:\/\/www.avantio.com\/traum-ferienwohnungen-desenzano-garda-2017\/"},"modified":"2017-08-17T00:00:00","modified_gmt":"2017-08-16T22:00:00","slug":"traum-ferienwohnungen-desenzano-garda-2017","status":"publish","type":"post","link":"https:\/\/www.avantio.com\/it\/blog\/traum-ferienwohnungen-desenzano-garda-2017\/","title":{"rendered":"Evento Traum-Ferienwohnungen &amp; Avantio a Desenzano del Garda 2017"},"content":{"rendered":"<h2 style=\"text-align: justify;\">Incontra il team Avantio &amp; Traum-Ferienwohnungen in un evento di training sul settore di Case Vacanza<\/h2>\n<p style=\"text-align: justify;\">L\u2019evento di formazione organizzato da Traum-Ferienwohnungen a Desenzano del Garda si terr\u00e0 il 9 Ottobre 2017. Nell\u2019evento Avantio presenter\u00e0 un sessione su \u201cCome ottimizzare il lavoro e aumentare le vendite\u201d.<\/p>\n<p style=\"text-align: justify;\"><a href=\"https:\/\/www.avantio.it\/partners\/traum-ferienwohnungen\/\">Traum-Ferienwohnungen<\/a> \u00e8 diventato un Preferred Partner del Channel Manager Avantio nel Maggio 2017, e da allora hanno partecipato a numerosi eventi insieme ad Avantio con lo scopo di aiutare e ottimizzare le vendite e il business dei nostri clienti.<\/p>\n<p style=\"text-align: justify;\">I seminari del settore si Case Vacanze organizzati da Traum-Ferienwohnungen si svolgono in tutta Europa e propongono formazione per agenzie su diversi argomenti, con esperti di case vacanza provenienti da tutto il mondo. In ogni evento vengono coperti diversi argomenti, per riflettere su un mercato in continua evoluzione, sulla digitalizzazione, sulle esigenze degli ospiti di case vacanza e sulla crescita dei servizi del settore, tutti collegati ai temi presentati in ogni seminario.<\/p>\n<p style=\"text-align: justify;\">In questo evento si risponder\u00e1 alla domanda \u201cCome aumentare le prenotazioni di affitti brevi?\u201d mostrando come \u00e8 possibile organizzare la tua attivit\u00e0 approfittando dei vantaggi e degli strumenti disponibili per aumentare la redditivit\u00e0, le vendite e l&#8217;efficienza del tuo business.<\/p>\n<p style=\"text-align: justify;\">Avantio partecipa a numerosi <a title=\"Avantio Events (EN)\" href=\"https:\/\/www.avantio.it\/categoria\/eventi\/\" target=\"_blank\" rel=\"noopener\">eventi di affitti brevi durante l&#8217;anno<\/a> e in tutto il mondo, dando presentazioni esperte nel settore di software di gestione case vacanza. <strong><span style=\"font-weight: 400;\">In questi eventi presentiamo strumenti e tecnologie studiate per agenzie che gestiscono un gran numero di case vacanza, come: Software per la gestione del business, calendari di prenotazione interattivi con strutture di prenotazioni istantanee, siti web progettati esclusivamente per il settore con l&#8217;obiettivo di aumentare le conversioni e un Channel Manager \u00a0integrato che propone le propriet\u00e0 a milioni di potenziali ospiti in tutto il mondo.\u00a0<\/span><\/strong><strong><span style=\"font-weight: 400;\">Se sei interessato a partecipare ad uno dei nostri eventi o a incontrare il team di Avantio, controlla <\/span><a title=\"Avantio Blog\" href=\"https:\/\/www.avantio.it\/blog\/\"><span style=\"font-weight: 400;\">il nostro blog<\/span><\/a><span style=\"font-weight: 400;\">, oppure inviaci una mail diretta.\u00a0<\/span><\/strong><\/p>\n<p style=\"text-align: justify;\">\u00c9 il <a title=\"Preferred partnership Traum-Ferienwohnungen\" href=\"https:\/\/www.avantio.com\/blog\/celebration-of-preferred-partnership-of-avantio-and-traum-ferienwohnungen\/\" target=\"_blank\" rel=\"noopener\">secondo<\/a> evento organizzato in esclusiva con Traum-Ferienwohnungen dopo l&#8217;annuncio della nostra collaborazione &#8220;Preferred Partner&#8221; che si annunci\u00f2 in Croazia nel 2016.<\/p>\n<p style=\"text-align: justify;\">Per ulteriori informazioni contatta Avantio tramite <a title=\"Contact email\" href=\"mailto:contatto@avantio.it%20\" target=\"_blank\" rel=\"noopener\">e-mail<\/a> o telefono o contatta direttamente l&#8217;Accademia di Traum-Ferienwohnungen tramite <a title=\"Traum-Ferienwohnungen email\" href=\"mailto:akademie@traum-ferienwohnungen.de\" target=\"_blank\" rel=\"noopener\">e-mail<\/a> o telefono +49 421-14629 &#8211; 625.<\/p>\n<p>09\/10\/2017 dalle ore 10.00 alle ore 16:30 Uhr<\/p>\n<p>Palace Hotel Desenzano<br \/>\nViale Francesco Agello, 114\/A<br \/>\n25010 Desenzano del Garda (BS)<br \/>\nITALIA<\/p>\n","protected":false},"excerpt":{"rendered":"<p>Il team Avantio sar\u00e0 presente alla VRMA National Conference 2017 a Orlando, Florida! Blocca il tuo calendario e visita lo stand 103 di Avantio.<\/p>\n","protected":false},"author":8,"featured_media":0,"comment_status":"closed","ping_status":"closed","sticky":false,"template":"","format":"standard","meta":{"_acf_changed":false,"om_disable_all_campaigns":false,"inline_featured_image":false,"footnotes":""},"categories":[172],"tags":[200],"class_list":{"0":"post-5783","1":"post","2":"type-post","3":"status-publish","4":"format-standard","6":"category-non-categorizzato","7":"tag-traum-ferienwohnungen"},"acf":[],"yoast_head":"<!-- This site is optimized with the Yoast SEO Premium plugin v27.0 (Yoast SEO v27.0) - https:\/\/yoast.com\/product\/yoast-seo-premium-wordpress\/ -->\n<title>Evento Traum-Ferienwohnungen &amp; Avantio a Desenzano del Garda 2017 | Avantio<\/title>\n<meta name=\"robots\" content=\"index, follow, max-snippet:-1, max-image-preview:large, max-video-preview:-1\" \/>\n<link rel=\"canonical\" href=\"https:\/\/www.avantio.com\/it\/blog\/traum-ferienwohnungen-desenzano-garda-2017\/\" \/>\n<meta property=\"og:locale\" content=\"it_IT\" \/>\n<meta property=\"og:type\" content=\"article\" \/>\n<meta property=\"og:title\" content=\"Evento Traum-Ferienwohnungen &amp; Avantio a Desenzano del Garda 2017\" \/>\n<meta property=\"og:description\" content=\"Il team Avantio sar\u00e0 presente alla VRMA National Conference 2017 a Orlando, Florida! Blocca il tuo calendario e visita lo stand 103 di Avantio.\" \/>\n<meta property=\"og:url\" content=\"https:\/\/www.avantio.com\/it\/blog\/traum-ferienwohnungen-desenzano-garda-2017\/\" \/>\n<meta property=\"og:site_name\" content=\"Avantio\" \/>\n<meta property=\"article:published_time\" content=\"2017-08-16T22:00:00+00:00\" \/>\n<meta name=\"author\" content=\"webmaster\" \/>\n<meta name=\"twitter:card\" content=\"summary_large_image\" \/>\n<meta name=\"twitter:label1\" content=\"Scritto da\" \/>\n\t<meta name=\"twitter:data1\" content=\"webmaster\" \/>\n\t<meta name=\"twitter:label2\" content=\"Tempo di lettura stimato\" \/>\n\t<meta name=\"twitter:data2\" content=\"2 minuto\" \/>\n<script type=\"application\/ld+json\" class=\"yoast-schema-graph\">{\"@context\":\"https:\/\/schema.org\",\"@graph\":[{\"@type\":[\"Article\",\"BlogPosting\"],\"@id\":\"https:\/\/www.avantio.com\/it\/blog\/traum-ferienwohnungen-desenzano-garda-2017\/#article\",\"isPartOf\":{\"@id\":\"https:\/\/www.avantio.com\/it\/blog\/traum-ferienwohnungen-desenzano-garda-2017\/\"},\"author\":{\"name\":\"webmaster\",\"@id\":\"https:\/\/www.avantio.com\/#\/schema\/person\/6e84f7e423cb083c56847ac788140a5d\"},\"headline\":\"Evento Traum-Ferienwohnungen &amp; Avantio a Desenzano del Garda 2017\",\"datePublished\":\"2017-08-16T22:00:00+00:00\",\"mainEntityOfPage\":{\"@id\":\"https:\/\/www.avantio.com\/it\/blog\/traum-ferienwohnungen-desenzano-garda-2017\/\"},\"wordCount\":383,\"publisher\":{\"@id\":\"https:\/\/www.avantio.com\/#organization\"},\"keywords\":[\"Traum-ferienwohnungen\"],\"articleSection\":[\"Non categorizzato\"],\"inLanguage\":\"it-IT\"},{\"@type\":\"WebPage\",\"@id\":\"https:\/\/www.avantio.com\/it\/blog\/traum-ferienwohnungen-desenzano-garda-2017\/\",\"url\":\"https:\/\/www.avantio.com\/it\/blog\/traum-ferienwohnungen-desenzano-garda-2017\/\",\"name\":\"Evento Traum-Ferienwohnungen &amp; Avantio a Desenzano del Garda 2017 | Avantio\",\"isPartOf\":{\"@id\":\"https:\/\/www.avantio.com\/#website\"},\"datePublished\":\"2017-08-16T22:00:00+00:00\",\"breadcrumb\":{\"@id\":\"https:\/\/www.avantio.com\/it\/blog\/traum-ferienwohnungen-desenzano-garda-2017\/#breadcrumb\"},\"inLanguage\":\"it-IT\",\"potentialAction\":[{\"@type\":\"ReadAction\",\"target\":[\"https:\/\/www.avantio.com\/it\/blog\/traum-ferienwohnungen-desenzano-garda-2017\/\"]}]},{\"@type\":\"BreadcrumbList\",\"@id\":\"https:\/\/www.avantio.com\/it\/blog\/traum-ferienwohnungen-desenzano-garda-2017\/#breadcrumb\",\"itemListElement\":[{\"@type\":\"ListItem\",\"position\":1,\"name\":\"Home\",\"item\":\"https:\/\/www.avantio.com\/de\/\"},{\"@type\":\"ListItem\",\"position\":2,\"name\":\"Evento Traum-Ferienwohnungen &amp; Avantio a Desenzano del Garda 2017\"}]},{\"@type\":\"WebSite\",\"@id\":\"https:\/\/www.avantio.com\/#website\",\"url\":\"https:\/\/www.avantio.com\/\",\"name\":\"Avantio\",\"description\":\"Vacation Rental Software\",\"publisher\":{\"@id\":\"https:\/\/www.avantio.com\/#organization\"},\"potentialAction\":[{\"@type\":\"SearchAction\",\"target\":{\"@type\":\"EntryPoint\",\"urlTemplate\":\"https:\/\/www.avantio.com\/?s={search_term_string}\"},\"query-input\":{\"@type\":\"PropertyValueSpecification\",\"valueRequired\":true,\"valueName\":\"search_term_string\"}}],\"inLanguage\":\"it-IT\"},{\"@type\":\"Organization\",\"@id\":\"https:\/\/www.avantio.com\/#organization\",\"name\":\"Avantio\",\"url\":\"https:\/\/www.avantio.com\/\",\"logo\":{\"@type\":\"ImageObject\",\"inLanguage\":\"it-IT\",\"@id\":\"https:\/\/www.avantio.com\/#\/schema\/logo\/image\/\",\"url\":\"https:\/\/www.avantio.com\/wp-content\/uploads\/2023\/08\/Avantio.jpg\",\"contentUrl\":\"https:\/\/www.avantio.com\/wp-content\/uploads\/2023\/08\/Avantio.jpg\",\"width\":696,\"height\":696,\"caption\":\"Avantio\"},\"image\":{\"@id\":\"https:\/\/www.avantio.com\/#\/schema\/logo\/image\/\"}},{\"@type\":\"Person\",\"@id\":\"https:\/\/www.avantio.com\/#\/schema\/person\/6e84f7e423cb083c56847ac788140a5d\",\"name\":\"webmaster\",\"image\":{\"@type\":\"ImageObject\",\"inLanguage\":\"it-IT\",\"@id\":\"https:\/\/www.avantio.com\/#\/schema\/person\/image\/\",\"url\":\"https:\/\/secure.gravatar.com\/avatar\/ad435e83488962fb8cb3c453bb14d16bd9ec4f57920b2964ee327f8ab7373877?s=96&d=mm&r=g\",\"contentUrl\":\"https:\/\/secure.gravatar.com\/avatar\/ad435e83488962fb8cb3c453bb14d16bd9ec4f57920b2964ee327f8ab7373877?s=96&d=mm&r=g\",\"caption\":\"webmaster\"},\"sameAs\":[\"https:\/\/www.avantio.com\"]}]}<\/script>\n<!-- \/ Yoast SEO Premium plugin. -->","yoast_head_json":{"title":"Evento Traum-Ferienwohnungen &amp; Avantio a Desenzano del Garda 2017 | Avantio","robots":{"index":"index","follow":"follow","max-snippet":"max-snippet:-1","max-image-preview":"max-image-preview:large","max-video-preview":"max-video-preview:-1"},"canonical":"https:\/\/www.avantio.com\/it\/blog\/traum-ferienwohnungen-desenzano-garda-2017\/","og_locale":"it_IT","og_type":"article","og_title":"Evento Traum-Ferienwohnungen &amp; Avantio a Desenzano del Garda 2017","og_description":"Il team Avantio sar\u00e0 presente alla VRMA National Conference 2017 a Orlando, Florida! Blocca il tuo calendario e visita lo stand 103 di Avantio.","og_url":"https:\/\/www.avantio.com\/it\/blog\/traum-ferienwohnungen-desenzano-garda-2017\/","og_site_name":"Avantio","article_published_time":"2017-08-16T22:00:00+00:00","author":"webmaster","twitter_card":"summary_large_image","twitter_misc":{"Scritto da":"webmaster","Tempo di lettura stimato":"2 minuto"},"schema":{"@context":"https:\/\/schema.org","@graph":[{"@type":["Article","BlogPosting"],"@id":"https:\/\/www.avantio.com\/it\/blog\/traum-ferienwohnungen-desenzano-garda-2017\/#article","isPartOf":{"@id":"https:\/\/www.avantio.com\/it\/blog\/traum-ferienwohnungen-desenzano-garda-2017\/"},"author":{"name":"webmaster","@id":"https:\/\/www.avantio.com\/#\/schema\/person\/6e84f7e423cb083c56847ac788140a5d"},"headline":"Evento Traum-Ferienwohnungen &amp; Avantio a Desenzano del Garda 2017","datePublished":"2017-08-16T22:00:00+00:00","mainEntityOfPage":{"@id":"https:\/\/www.avantio.com\/it\/blog\/traum-ferienwohnungen-desenzano-garda-2017\/"},"wordCount":383,"publisher":{"@id":"https:\/\/www.avantio.com\/#organization"},"keywords":["Traum-ferienwohnungen"],"articleSection":["Non categorizzato"],"inLanguage":"it-IT"},{"@type":"WebPage","@id":"https:\/\/www.avantio.com\/it\/blog\/traum-ferienwohnungen-desenzano-garda-2017\/","url":"https:\/\/www.avantio.com\/it\/blog\/traum-ferienwohnungen-desenzano-garda-2017\/","name":"Evento Traum-Ferienwohnungen &amp; Avantio a Desenzano del Garda 2017 | Avantio","isPartOf":{"@id":"https:\/\/www.avantio.com\/#website"},"datePublished":"2017-08-16T22:00:00+00:00","breadcrumb":{"@id":"https:\/\/www.avantio.com\/it\/blog\/traum-ferienwohnungen-desenzano-garda-2017\/#breadcrumb"},"inLanguage":"it-IT","potentialAction":[{"@type":"ReadAction","target":["https:\/\/www.avantio.com\/it\/blog\/traum-ferienwohnungen-desenzano-garda-2017\/"]}]},{"@type":"BreadcrumbList","@id":"https:\/\/www.avantio.com\/it\/blog\/traum-ferienwohnungen-desenzano-garda-2017\/#breadcrumb","itemListElement":[{"@type":"ListItem","position":1,"name":"Home","item":"https:\/\/www.avantio.com\/de\/"},{"@type":"ListItem","position":2,"name":"Evento Traum-Ferienwohnungen &amp; Avantio a Desenzano del Garda 2017"}]},{"@type":"WebSite","@id":"https:\/\/www.avantio.com\/#website","url":"https:\/\/www.avantio.com\/","name":"Avantio","description":"Vacation Rental Software","publisher":{"@id":"https:\/\/www.avantio.com\/#organization"},"potentialAction":[{"@type":"SearchAction","target":{"@type":"EntryPoint","urlTemplate":"https:\/\/www.avantio.com\/?s={search_term_string}"},"query-input":{"@type":"PropertyValueSpecification","valueRequired":true,"valueName":"search_term_string"}}],"inLanguage":"it-IT"},{"@type":"Organization","@id":"https:\/\/www.avantio.com\/#organization","name":"Avantio","url":"https:\/\/www.avantio.com\/","logo":{"@type":"ImageObject","inLanguage":"it-IT","@id":"https:\/\/www.avantio.com\/#\/schema\/logo\/image\/","url":"https:\/\/www.avantio.com\/wp-content\/uploads\/2023\/08\/Avantio.jpg","contentUrl":"https:\/\/www.avantio.com\/wp-content\/uploads\/2023\/08\/Avantio.jpg","width":696,"height":696,"caption":"Avantio"},"image":{"@id":"https:\/\/www.avantio.com\/#\/schema\/logo\/image\/"}},{"@type":"Person","@id":"https:\/\/www.avantio.com\/#\/schema\/person\/6e84f7e423cb083c56847ac788140a5d","name":"webmaster","image":{"@type":"ImageObject","inLanguage":"it-IT","@id":"https:\/\/www.avantio.com\/#\/schema\/person\/image\/","url":"https:\/\/secure.gravatar.com\/avatar\/ad435e83488962fb8cb3c453bb14d16bd9ec4f57920b2964ee327f8ab7373877?s=96&d=mm&r=g","contentUrl":"https:\/\/secure.gravatar.com\/avatar\/ad435e83488962fb8cb3c453bb14d16bd9ec4f57920b2964ee327f8ab7373877?s=96&d=mm&r=g","caption":"webmaster"},"sameAs":["https:\/\/www.avantio.com"]}]}},"_links":{"self":[{"href":"https:\/\/www.avantio.com\/it\/wp-json\/wp\/v2\/posts\/5783","targetHints":{"allow":["GET"]}}],"collection":[{"href":"https:\/\/www.avantio.com\/it\/wp-json\/wp\/v2\/posts"}],"about":[{"href":"https:\/\/www.avantio.com\/it\/wp-json\/wp\/v2\/types\/post"}],"author":[{"embeddable":true,"href":"https:\/\/www.avantio.com\/it\/wp-json\/wp\/v2\/users\/8"}],"replies":[{"embeddable":true,"href":"https:\/\/www.avantio.com\/it\/wp-json\/wp\/v2\/comments?post=5783"}],"version-history":[{"count":0,"href":"https:\/\/www.avantio.com\/it\/wp-json\/wp\/v2\/posts\/5783\/revisions"}],"wp:attachment":[{"href":"https:\/\/www.avantio.com\/it\/wp-json\/wp\/v2\/media?parent=5783"}],"wp:term":[{"taxonomy":"category","embeddable":true,"href":"https:\/\/www.avantio.com\/it\/wp-json\/wp\/v2\/categories?post=5783"},{"taxonomy":"post_tag","embeddable":true,"href":"https:\/\/www.avantio.com\/it\/wp-json\/wp\/v2\/tags?post=5783"}],"curies":[{"name":"wp","href":"https:\/\/api.w.org\/{rel}","templated":true}]}}