{"id":3442,"date":"2020-02-18T00:00:00","date_gmt":"2020-02-17T23:00:00","guid":{"rendered":"https:\/\/www.avantio.com\/photographies-pour-la-location-de-vacances-5-conseils-essentiels\/"},"modified":"2022-06-29T16:27:45","modified_gmt":"2022-06-29T14:27:45","slug":"photographies-pour-la-location-de-vacances-5-conseils-essentiels","status":"publish","type":"post","link":"https:\/\/www.avantio.com\/fr\/blog\/photographies-pour-la-location-de-vacances-5-conseils-essentiels\/","title":{"rendered":"Boostez votre entreprise gr\u00e2ce \u00e0 5 conseils essentiels concernant les photographies pour la location de vacances"},"content":{"rendered":"\n<h2 class=\"wp-block-heading\">Checklist pour devenir un expert en photos de locations de vacances&nbsp; <\/h2>\n\n\n\n<p><em>\u00ab\u00a0Une image vaut plus que milles mots\u00a0\u00bb<\/em> &#8211; On dit qu\u2019elles ont une importance capitale pour le secteur de la location de vacances. <strong>Pourquoi ?<\/strong> Parce que les images sont une m\u00e9thode efficace pour se d\u00e9marquer de la concurrence. En r\u00e9alit\u00e9, il n&rsquo;est pas n\u00e9cessaire d&rsquo;\u00eatre un photographe professionnel, <strong>il suffit de quelques conseils essentiels.<\/strong><\/p>\n\n\n\n<h2 class=\"wp-block-heading\"><strong>L&rsquo;importance d&rsquo;une bonne pr\u00e9sentation de la liste des biens<\/strong><\/h2>\n\n\n\n<p class=\"has-text-color has-background\" style=\"background-color:#e3e9ef;color:#f15f41;font-size:14px\"><em><strong><a href=\"https:\/\/vrm-insider.com\/2019\/03\/18\/the-ultimate-list-of-vacation-rental-statistics-for-2019\/\">\u00ab\u00a0Les visiteurs des sites web passent en moyenne 59 secondes sur les sites de r\u00e9servation avant de perdre l&rsquo;int\u00e9r\u00eat et de quitter la page\u00a0\u00bb<\/a><\/strong><\/em><\/p>\n\n\n\n<p>D&rsquo;apr\u00e8s les statistiques, <strong>il ne faut que 59 secondes pour attirer un utilisateur<\/strong>. De toute \u00e9vidence, de nombreux facteurs influencent le processus de d\u00e9cision (prix, emplacement, avis, &#8230;). Cependant, l&rsquo;un des plus importants est une bonne visualisation \u00e0 travers les images des propri\u00e9t\u00e9s.&nbsp;<\/p>\n\n\n\n<div class=\"wp-block-columns is-layout-flex wp-container-core-columns-is-layout-9d6595d7 wp-block-columns-is-layout-flex\">\n<div class=\"wp-block-column is-layout-flow wp-block-column-is-layout-flow\" style=\"flex-basis:56%\">\n<figure class=\"wp-block-image size-large is-resized\"><img loading=\"lazy\" decoding=\"async\" src=\"https:\/\/www.avantio.com\/wp-content\/uploads\/2022\/06\/iStock-1136936441-1-1024x683.jpg\" alt=\"\" class=\"wp-image-16722\" width=\"512\" height=\"342\" \/><\/figure>\n<\/div>\n\n\n\n<div class=\"wp-block-column is-layout-flow wp-block-column-is-layout-flow\" style=\"flex-basis:44%\">\n<p> Les images repr\u00e9sentent un support fondamental pour les descriptions, car elles permettent de montrer le bien en d\u00e9tails. De plus, elles offrent la possibilit\u00e9 au client <strong>d&rsquo;imaginer ce que serait son s\u00e9jour. <\/strong><\/p>\n\n\n\n<p> D&rsquo;autre part, une belle vue d&rsquo;ensemble pourrait impliquer une plus grande acception vis \u00e0 vis des tarifs des propri\u00e9t\u00e9s. <\/p>\n<\/div>\n<\/div>\n\n\n\n<p>Les h\u00f4tes qui recherchent avant tout <strong>la qualit\u00e9 et le confort<\/strong> seront dispos\u00e9s \u00e0 r\u00e9server des propri\u00e9t\u00e9s dans une gamme de prix plus large si les photos attestent de la qualit\u00e9 du bien.  <\/p>\n\n\n\n<p>Il est certain que plus ces images sont de qualit\u00e9, plus les chances de r\u00e9servation seront grandes.<\/p>\n\n\n\n<p style=\"background-color:#e3e9ef\" class=\"has-text-color has-background\"><strong>Article connexe<\/strong>:                                                                                               <\/br>\n\u279c <a href=\"https:\/\/www.avantio.fr\/blog\/comment-promouvoir-proprietes-sur-instagram\/\">Comment promouvoir mes propri\u00e9t\u00e9s de locations saisonni\u00e8res sur Instagram?<\/a>\n<\/p>\n\n\n\n<h2 class=\"has-text-color wp-block-heading\" style=\"color:#f15f41\"><strong>5 conseils essentiels pour la photographie de location de vacances : Devenez un expert en photographie de location de vacances<\/strong><\/h2>\n\n\n\n<p>S&rsquo;il est vrai qu&rsquo;il est possible d&rsquo;engager un professionnel, le budget ou d&rsquo;autres raisons externes peuvent y faire obstacle. Cependant, cela n\u2019exclut pas d\u2019obtenir des photos de bonne qualit\u00e9, pour ce faire, <strong>il faudra prendre en compte 5 exigences de base :<\/strong><\/p>\n\n\n\n<ol class=\"wp-block-list\"><li><strong>Le type d&rsquo;image<\/strong><\/li><li><strong>Quelles chambres doivent appara\u00eetre ?<\/strong><\/li><li><strong>Le style est essentiel<\/strong><\/li><li><strong>Renouveler les images<\/strong><\/li><li><strong>Optimiser les photos pour le site web<\/strong><\/li><\/ol>\n\n\n\n<p class=\"has-text-color\" style=\"color:#2e363d;font-size:22px\"><img decoding=\"async\" class=\"wp-image-16732\" style=\"width: 40px\" src=\"https:\/\/www.avantio.com\/wp-content\/uploads\/2022\/06\/Numbers-01-2.png\" alt=\"photographies pour la location de vacances\" loading=\"lazy\"><strong> Le type d\u2019image<\/strong><\/p>\n\n\n\n<p>Les photos doivent \u00eatre attrayantes, mais elles refl\u00e8tent toujours ce que le client appr\u00e9ciera pendant son s\u00e9jour. C&rsquo;est pourquoi il est important de prendre en compte deux <strong>types d&rsquo;images<\/strong> :<\/p>\n\n\n\n<ul class=\"wp-block-list\"><li><strong>Emotionnel<\/strong> : Celles qui font appel aux sentiments de l&rsquo;utilisateur et suscitent son int\u00e9r\u00eat.&nbsp;Des images qui refl\u00e8tent l&rsquo;exp\u00e9rience compl\u00e8te du s\u00e9jour , une mise en contexte: un bain relaxant dans la piscine, un beau lever de soleil sur la terrasse ou un d\u00eener confortable au coin de la chemin\u00e9e.<\/li><li><strong>Les faits <\/strong>: ceux qui refl\u00e8tent l&rsquo;ensemble des caract\u00e9ristiques de la propri\u00e9t\u00e9. Par exemple, l&rsquo;\u00e9quipement de la maison, la taille et l&#8217;emplacement des pi\u00e8ces, le jardin, etc.<\/li><\/ul>\n\n\n\n<figure class=\"wp-block-image size-large\"><img decoding=\"async\" src=\"https:\/\/www.avantio.com\/wp-content\/uploads\/2022\/06\/Emocional-FR.png\" alt=\"\" class=\"wp-image-16737\" loading=\"lazy\" \/><\/figure>\n\n\n\n<p class=\"has-text-color\" style=\"color:#f15f41;font-size:19px\"><a href=\"https:\/\/revenuegrid.com\/blog\/emotional-branding-sales-important\/\"><strong>\u201cLes d\u00e9cisions d&rsquo;achat sont bas\u00e9es sur 20% de logique et 80% d&rsquo;\u00e9motion\u201d<\/strong><\/a><\/p>\n\n\n\n<p class=\"has-text-color\" style=\"color:#2e363d;font-size:22px\"><img decoding=\"async\" class=\"wp-image-16733\" style=\"width: 60px\" src=\"https:\/\/www.avantio.com\/wp-content\/uploads\/2022\/06\/Numbers-02-2.png\" alt=\"photographies pour la location de vacances\" loading=\"lazy\"><strong> Quelles chambres doivent appara\u00eetre ? <\/strong><\/p>\n\n\n\n<p><strong>Les photos doivent montrer les pi\u00e8ces les plus importantes de chaque propri\u00e9t\u00e9<\/strong> : la cuisine, le salon\/salle \u00e0 manger, les chambres, les salles de bain et les toilettes.&nbsp; De plus, s&rsquo;il y a des zones suppl\u00e9mentaires comme le jardin, la piscine, il convient de les montrer.<\/p>\n\n\n\n<p>Et de chaque pi\u00e8ce, il doit y avoir au moins une photo, bien qu&rsquo;il soit souhaitable d&rsquo;en avoir deux : une de la pi\u00e8ce enti\u00e8re qui refl\u00e8te l&rsquo;espace et une photo qui met en \u00e9vidence un \u00e9l\u00e9ment particulier.<\/p>\n\n\n\n<figure class=\"wp-block-image size-large\"><img decoding=\"async\" src=\"https:\/\/www.avantio.com\/wp-content\/uploads\/2022\/06\/Emocional-1-2.png\" alt=\"\" class=\"wp-image-16738\" loading=\"lazy\" \/><\/figure>\n\n\n\n<p class=\"has-text-color\" style=\"color:#2e363d;font-size:22px\"><img decoding=\"async\" class=\"wp-image-16734\" style=\"width: 60px\" src=\"https:\/\/www.avantio.com\/wp-content\/uploads\/2022\/06\/Numbers-03-2.png\" alt=\"photographies pour la location de vacances\" loading=\"lazy\"><strong> Le style est essentiel  <\/strong><\/p>\n\n\n\n<p>Vous ne devez pas cr\u00e9er de fausses attentes, <strong>mais gardez toujours \u00e0 l&rsquo;esprit les d\u00e9tails lorsque vous prenez des photos :<\/strong><\/p>\n\n\n\n<ul class=\"wp-block-list\"><li>\u00c9vitez les photos inclin\u00e9es qui peuvent \u00eatre g\u00eanantes pour l&rsquo;utilisateur<\/li><li>La lumi\u00e8re est la cl\u00e9 pour \u00e9viter les ombres sombres ou les images floues.<\/li><li>Les images prises d&rsquo;un point de vue en contre plong\u00e9e offrent une vue beaucoup plus large de l&rsquo;espace<\/li><li>Ajustez la disposition des meubles et des accessoires pour \u00e9viter les espaces vides ou les murs qui donnent une mauvaise image.<\/li><li>Gardez chaque pi\u00e8ce propre et ordonn\u00e9e : comptoirs d\u00e9gag\u00e9s, portes de placard ferm\u00e9es,&nbsp;<\/li><\/ul>\n\n\n\n<p class=\"has-text-color\" style=\"color:#2e363d;font-size:22px\"><img decoding=\"async\" class=\"wp-image-16735\" style=\"width: 60px\" src=\"https:\/\/www.avantio.com\/wp-content\/uploads\/2022\/06\/Numbers-04-2.png\" alt=\"photographies pour la location de vacances\" loading=\"lazy\"><strong> <\/strong> <strong>Renouveler les images <\/strong><\/p>\n\n\n\n<p><strong>Il est important de mettre \u00e0 jour les photos des propri\u00e9t\u00e9s<\/strong>, non seulement pour montrer au client une vue r\u00e9aliste mais aussi pour mettre en \u00e9vidence toutes les am\u00e9liorations qui ont \u00e9t\u00e9 apport\u00e9es aux propri\u00e9t\u00e9s : changements de mobilier, peinture, nouveaux accessoires, &#8230;<\/p>\n\n\n\n<p class=\"has-text-color\" style=\"color:#2e363d;font-size:22px\"><img decoding=\"async\" class=\"wp-image-16736\" style=\"width: 60px\" src=\"https:\/\/www.avantio.com\/wp-content\/uploads\/2022\/06\/Numbers-05-2.png\" alt=\"photographies pour la location de vacances\" loading=\"lazy\"><strong> <\/strong>  <strong>Optimiser les photos pour le site web  <\/strong><\/p>\n\n\n\n<p>Tous ces conseils vous aideront \u00e0 cr\u00e9er de superbes photos, mais il y a toujours certains d\u00e9tails \u00ab\u00a0techniques\u00a0\u00bb qui permettent d&rsquo;afficher ces photos <strong>vous permettant d\u2019am\u00e9liorer votre r\u00e9f\u00e9rencement.<\/strong><\/p>\n\n\n\n<ul class=\"wp-block-list\"><li><strong>Les images ne doivent pas \u00eatre trop grandes ou trop lourdes<\/strong>, car elles peuvent ralentir la vitesse de la page web.<\/li><li><strong>Les mots-cl\u00e9s<\/strong> : Google ne classe pas les images, mais il prend en compte le nom qu&rsquo;elles portent. C&rsquo;est pourquoi il est important de les nommer en utilisant le mot-cl\u00e9 que vous voulez mettre en \u00e9vidence et le positionner sur le moteur de recherche.<\/li><\/ul>\n\n\n\n<p>Bien s\u00fbr, tout ce processus peut sembler long. Cependant, l&rsquo;effort en vaut toujours la peine. <strong>Une bonne pr\u00e9sentation des biens a un grand potentiel pour attirer les visiteurs et donc pour augmenter les chances de r\u00e9servation.<\/strong><\/p>\n\n\n\n<figure class=\"wp-block-image size-large\"><img decoding=\"async\" src=\"https:\/\/www.avantio.com\/wp-content\/uploads\/2022\/06\/iStock-1202670565-2-1024x573.jpg\" alt=\"\" class=\"wp-image-16739\" loading=\"lazy\" \/><\/figure>\n\n\n\n<p>Chez <strong>Avantio<\/strong>, nous travaillons \u00e0 faire \u00e9voluer le secteur de la location de vacances et \u00e0 aider tous nos clients \u00e0 se d\u00e9velopper. Dans notre blog, vous trouverez des articles tr\u00e8s int\u00e9ressants pour optimiser votre activit\u00e9. Et si vous ne travaillez toujours pas avec notre syst\u00e8me, nous vous invitons \u00e0 faire une d\u00e9monstration gratuite avec notre \u00e9quipe. <\/p>\n\n\n\n<div class=\"wp-block-button\"><a class=\"wp-block-button__link has-background\" href=\"https:\/\/www.avantio.fr\/tarifs\/\" style=\"border-radius:50px;background-color:#f15f31\"> D\u00e9monstration gratuite <\/a><\/div>\n","protected":false},"excerpt":{"rendered":"<p>Parce que les images sont une m\u00e9thode efficace pour se d\u00e9marquer de la concurrence.<br \/>\nEn r\u00e9alit\u00e9, il n&rsquo;est pas n\u00e9cessaire d&rsquo;\u00eatre un photographe professionnel, il suffit de quelques conseils essentiels.<\/p>\n","protected":false},"author":8,"featured_media":3443,"comment_status":"closed","ping_status":"closed","sticky":false,"template":"","format":"standard","meta":{"_acf_changed":false,"om_disable_all_campaigns":false,"inline_featured_image":false,"footnotes":""},"categories":[170],"tags":[],"class_list":{"0":"post-3442","1":"post","2":"type-post","3":"status-publish","4":"format-standard","5":"has-post-thumbnail","7":"category-non-classifiee"},"acf":[],"yoast_head":"<!-- This site is optimized with the Yoast SEO Premium plugin v27.0 (Yoast SEO v27.0) - https:\/\/yoast.com\/product\/yoast-seo-premium-wordpress\/ -->\n<title>Boostez votre entreprise gr\u00e2ce \u00e0 5 conseils essentiels concernant les photographies pour la location de vacances | Avantio<\/title>\n<meta name=\"robots\" content=\"index, follow, max-snippet:-1, max-image-preview:large, max-video-preview:-1\" \/>\n<link rel=\"canonical\" href=\"https:\/\/www.avantio.com\/fr\/blog\/photographies-pour-la-location-de-vacances-5-conseils-essentiels\/\" \/>\n<meta property=\"og:locale\" content=\"fr_FR\" \/>\n<meta property=\"og:type\" content=\"article\" \/>\n<meta property=\"og:title\" content=\"Boostez votre entreprise gr\u00e2ce \u00e0 5 conseils essentiels concernant les photographies pour la location de vacances\" \/>\n<meta property=\"og:description\" content=\"Parce que les images sont une m\u00e9thode efficace pour se d\u00e9marquer de la concurrence. En r\u00e9alit\u00e9, il n&#039;est pas n\u00e9cessaire d&#039;\u00eatre un photographe professionnel, il suffit de quelques conseils essentiels.\" \/>\n<meta property=\"og:url\" content=\"https:\/\/www.avantio.com\/fr\/blog\/photographies-pour-la-location-de-vacances-5-conseils-essentiels\/\" \/>\n<meta property=\"og:site_name\" content=\"Avantio\" \/>\n<meta property=\"article:published_time\" content=\"2020-02-17T23:00:00+00:00\" \/>\n<meta property=\"article:modified_time\" content=\"2022-06-29T14:27:45+00:00\" \/>\n<meta property=\"og:image\" content=\"https:\/\/www.avantio.com\/wp-content\/uploads\/2022\/06\/iStock-1136936441-1.jpg\" \/>\n\t<meta property=\"og:image:width\" content=\"1920\" \/>\n\t<meta property=\"og:image:height\" content=\"1280\" \/>\n\t<meta property=\"og:image:type\" content=\"image\/jpeg\" \/>\n<meta name=\"author\" content=\"webmaster\" \/>\n<meta name=\"twitter:card\" content=\"summary_large_image\" \/>\n<meta name=\"twitter:label1\" content=\"\u00c9crit par\" \/>\n\t<meta name=\"twitter:data1\" content=\"webmaster\" \/>\n\t<meta name=\"twitter:label2\" content=\"Dur\u00e9e de lecture estim\u00e9e\" \/>\n\t<meta name=\"twitter:data2\" content=\"5 minutes\" \/>\n<script type=\"application\/ld+json\" class=\"yoast-schema-graph\">{\"@context\":\"https:\/\/schema.org\",\"@graph\":[{\"@type\":[\"Article\",\"BlogPosting\"],\"@id\":\"https:\/\/www.avantio.com\/fr\/blog\/photographies-pour-la-location-de-vacances-5-conseils-essentiels\/#article\",\"isPartOf\":{\"@id\":\"https:\/\/www.avantio.com\/fr\/blog\/photographies-pour-la-location-de-vacances-5-conseils-essentiels\/\"},\"author\":{\"name\":\"webmaster\",\"@id\":\"https:\/\/www.avantio.com\/#\/schema\/person\/6e84f7e423cb083c56847ac788140a5d\"},\"headline\":\"Boostez votre entreprise gr\u00e2ce \u00e0 5 conseils essentiels concernant les photographies pour la location de vacances\",\"datePublished\":\"2020-02-17T23:00:00+00:00\",\"dateModified\":\"2022-06-29T14:27:45+00:00\",\"mainEntityOfPage\":{\"@id\":\"https:\/\/www.avantio.com\/fr\/blog\/photographies-pour-la-location-de-vacances-5-conseils-essentiels\/\"},\"wordCount\":1005,\"publisher\":{\"@id\":\"https:\/\/www.avantio.com\/#organization\"},\"image\":{\"@id\":\"https:\/\/www.avantio.com\/fr\/blog\/photographies-pour-la-location-de-vacances-5-conseils-essentiels\/#primaryimage\"},\"thumbnailUrl\":\"https:\/\/www.avantio.com\/wp-content\/uploads\/2022\/06\/iStock-1136936441-1.jpg\",\"articleSection\":[\"Non classifi\u00e9(e)\"],\"inLanguage\":\"fr-FR\"},{\"@type\":\"WebPage\",\"@id\":\"https:\/\/www.avantio.com\/fr\/blog\/photographies-pour-la-location-de-vacances-5-conseils-essentiels\/\",\"url\":\"https:\/\/www.avantio.com\/fr\/blog\/photographies-pour-la-location-de-vacances-5-conseils-essentiels\/\",\"name\":\"Boostez votre entreprise gr\u00e2ce \u00e0 5 conseils essentiels concernant les photographies pour la location de vacances | Avantio\",\"isPartOf\":{\"@id\":\"https:\/\/www.avantio.com\/#website\"},\"primaryImageOfPage\":{\"@id\":\"https:\/\/www.avantio.com\/fr\/blog\/photographies-pour-la-location-de-vacances-5-conseils-essentiels\/#primaryimage\"},\"image\":{\"@id\":\"https:\/\/www.avantio.com\/fr\/blog\/photographies-pour-la-location-de-vacances-5-conseils-essentiels\/#primaryimage\"},\"thumbnailUrl\":\"https:\/\/www.avantio.com\/wp-content\/uploads\/2022\/06\/iStock-1136936441-1.jpg\",\"datePublished\":\"2020-02-17T23:00:00+00:00\",\"dateModified\":\"2022-06-29T14:27:45+00:00\",\"breadcrumb\":{\"@id\":\"https:\/\/www.avantio.com\/fr\/blog\/photographies-pour-la-location-de-vacances-5-conseils-essentiels\/#breadcrumb\"},\"inLanguage\":\"fr-FR\",\"potentialAction\":[{\"@type\":\"ReadAction\",\"target\":[\"https:\/\/www.avantio.com\/fr\/blog\/photographies-pour-la-location-de-vacances-5-conseils-essentiels\/\"]}]},{\"@type\":\"ImageObject\",\"inLanguage\":\"fr-FR\",\"@id\":\"https:\/\/www.avantio.com\/fr\/blog\/photographies-pour-la-location-de-vacances-5-conseils-essentiels\/#primaryimage\",\"url\":\"https:\/\/www.avantio.com\/wp-content\/uploads\/2022\/06\/iStock-1136936441-1.jpg\",\"contentUrl\":\"https:\/\/www.avantio.com\/wp-content\/uploads\/2022\/06\/iStock-1136936441-1.jpg\",\"width\":1920,\"height\":1280},{\"@type\":\"BreadcrumbList\",\"@id\":\"https:\/\/www.avantio.com\/fr\/blog\/photographies-pour-la-location-de-vacances-5-conseils-essentiels\/#breadcrumb\",\"itemListElement\":[{\"@type\":\"ListItem\",\"position\":1,\"name\":\"Home\",\"item\":\"https:\/\/www.avantio.com\/\"},{\"@type\":\"ListItem\",\"position\":2,\"name\":\"Boostez votre entreprise gr\u00e2ce \u00e0 5 conseils essentiels concernant les photographies pour la location de vacances\"}]},{\"@type\":\"WebSite\",\"@id\":\"https:\/\/www.avantio.com\/#website\",\"url\":\"https:\/\/www.avantio.com\/\",\"name\":\"Avantio\",\"description\":\"Vacation Rental Software\",\"publisher\":{\"@id\":\"https:\/\/www.avantio.com\/#organization\"},\"potentialAction\":[{\"@type\":\"SearchAction\",\"target\":{\"@type\":\"EntryPoint\",\"urlTemplate\":\"https:\/\/www.avantio.com\/?s={search_term_string}\"},\"query-input\":{\"@type\":\"PropertyValueSpecification\",\"valueRequired\":true,\"valueName\":\"search_term_string\"}}],\"inLanguage\":\"fr-FR\"},{\"@type\":\"Organization\",\"@id\":\"https:\/\/www.avantio.com\/#organization\",\"name\":\"Avantio\",\"url\":\"https:\/\/www.avantio.com\/\",\"logo\":{\"@type\":\"ImageObject\",\"inLanguage\":\"fr-FR\",\"@id\":\"https:\/\/www.avantio.com\/#\/schema\/logo\/image\/\",\"url\":\"https:\/\/www.avantio.com\/wp-content\/uploads\/2023\/08\/Avantio.jpg\",\"contentUrl\":\"https:\/\/www.avantio.com\/wp-content\/uploads\/2023\/08\/Avantio.jpg\",\"width\":696,\"height\":696,\"caption\":\"Avantio\"},\"image\":{\"@id\":\"https:\/\/www.avantio.com\/#\/schema\/logo\/image\/\"}},{\"@type\":\"Person\",\"@id\":\"https:\/\/www.avantio.com\/#\/schema\/person\/6e84f7e423cb083c56847ac788140a5d\",\"name\":\"webmaster\",\"image\":{\"@type\":\"ImageObject\",\"inLanguage\":\"fr-FR\",\"@id\":\"https:\/\/www.avantio.com\/#\/schema\/person\/image\/\",\"url\":\"https:\/\/secure.gravatar.com\/avatar\/ad435e83488962fb8cb3c453bb14d16bd9ec4f57920b2964ee327f8ab7373877?s=96&d=mm&r=g\",\"contentUrl\":\"https:\/\/secure.gravatar.com\/avatar\/ad435e83488962fb8cb3c453bb14d16bd9ec4f57920b2964ee327f8ab7373877?s=96&d=mm&r=g\",\"caption\":\"webmaster\"},\"sameAs\":[\"https:\/\/www.avantio.com\"]}]}<\/script>\n<!-- \/ Yoast SEO Premium plugin. -->","yoast_head_json":{"title":"Boostez votre entreprise gr\u00e2ce \u00e0 5 conseils essentiels concernant les photographies pour la location de vacances | Avantio","robots":{"index":"index","follow":"follow","max-snippet":"max-snippet:-1","max-image-preview":"max-image-preview:large","max-video-preview":"max-video-preview:-1"},"canonical":"https:\/\/www.avantio.com\/fr\/blog\/photographies-pour-la-location-de-vacances-5-conseils-essentiels\/","og_locale":"fr_FR","og_type":"article","og_title":"Boostez votre entreprise gr\u00e2ce \u00e0 5 conseils essentiels concernant les photographies pour la location de vacances","og_description":"Parce que les images sont une m\u00e9thode efficace pour se d\u00e9marquer de la concurrence. En r\u00e9alit\u00e9, il n'est pas n\u00e9cessaire d'\u00eatre un photographe professionnel, il suffit de quelques conseils essentiels.","og_url":"https:\/\/www.avantio.com\/fr\/blog\/photographies-pour-la-location-de-vacances-5-conseils-essentiels\/","og_site_name":"Avantio","article_published_time":"2020-02-17T23:00:00+00:00","article_modified_time":"2022-06-29T14:27:45+00:00","og_image":[{"width":1920,"height":1280,"url":"https:\/\/www.avantio.com\/wp-content\/uploads\/2022\/06\/iStock-1136936441-1.jpg","type":"image\/jpeg"}],"author":"webmaster","twitter_card":"summary_large_image","twitter_misc":{"\u00c9crit par":"webmaster","Dur\u00e9e de lecture estim\u00e9e":"5 minutes"},"schema":{"@context":"https:\/\/schema.org","@graph":[{"@type":["Article","BlogPosting"],"@id":"https:\/\/www.avantio.com\/fr\/blog\/photographies-pour-la-location-de-vacances-5-conseils-essentiels\/#article","isPartOf":{"@id":"https:\/\/www.avantio.com\/fr\/blog\/photographies-pour-la-location-de-vacances-5-conseils-essentiels\/"},"author":{"name":"webmaster","@id":"https:\/\/www.avantio.com\/#\/schema\/person\/6e84f7e423cb083c56847ac788140a5d"},"headline":"Boostez votre entreprise gr\u00e2ce \u00e0 5 conseils essentiels concernant les photographies pour la location de vacances","datePublished":"2020-02-17T23:00:00+00:00","dateModified":"2022-06-29T14:27:45+00:00","mainEntityOfPage":{"@id":"https:\/\/www.avantio.com\/fr\/blog\/photographies-pour-la-location-de-vacances-5-conseils-essentiels\/"},"wordCount":1005,"publisher":{"@id":"https:\/\/www.avantio.com\/#organization"},"image":{"@id":"https:\/\/www.avantio.com\/fr\/blog\/photographies-pour-la-location-de-vacances-5-conseils-essentiels\/#primaryimage"},"thumbnailUrl":"https:\/\/www.avantio.com\/wp-content\/uploads\/2022\/06\/iStock-1136936441-1.jpg","articleSection":["Non classifi\u00e9(e)"],"inLanguage":"fr-FR"},{"@type":"WebPage","@id":"https:\/\/www.avantio.com\/fr\/blog\/photographies-pour-la-location-de-vacances-5-conseils-essentiels\/","url":"https:\/\/www.avantio.com\/fr\/blog\/photographies-pour-la-location-de-vacances-5-conseils-essentiels\/","name":"Boostez votre entreprise gr\u00e2ce \u00e0 5 conseils essentiels concernant les photographies pour la location de vacances | Avantio","isPartOf":{"@id":"https:\/\/www.avantio.com\/#website"},"primaryImageOfPage":{"@id":"https:\/\/www.avantio.com\/fr\/blog\/photographies-pour-la-location-de-vacances-5-conseils-essentiels\/#primaryimage"},"image":{"@id":"https:\/\/www.avantio.com\/fr\/blog\/photographies-pour-la-location-de-vacances-5-conseils-essentiels\/#primaryimage"},"thumbnailUrl":"https:\/\/www.avantio.com\/wp-content\/uploads\/2022\/06\/iStock-1136936441-1.jpg","datePublished":"2020-02-17T23:00:00+00:00","dateModified":"2022-06-29T14:27:45+00:00","breadcrumb":{"@id":"https:\/\/www.avantio.com\/fr\/blog\/photographies-pour-la-location-de-vacances-5-conseils-essentiels\/#breadcrumb"},"inLanguage":"fr-FR","potentialAction":[{"@type":"ReadAction","target":["https:\/\/www.avantio.com\/fr\/blog\/photographies-pour-la-location-de-vacances-5-conseils-essentiels\/"]}]},{"@type":"ImageObject","inLanguage":"fr-FR","@id":"https:\/\/www.avantio.com\/fr\/blog\/photographies-pour-la-location-de-vacances-5-conseils-essentiels\/#primaryimage","url":"https:\/\/www.avantio.com\/wp-content\/uploads\/2022\/06\/iStock-1136936441-1.jpg","contentUrl":"https:\/\/www.avantio.com\/wp-content\/uploads\/2022\/06\/iStock-1136936441-1.jpg","width":1920,"height":1280},{"@type":"BreadcrumbList","@id":"https:\/\/www.avantio.com\/fr\/blog\/photographies-pour-la-location-de-vacances-5-conseils-essentiels\/#breadcrumb","itemListElement":[{"@type":"ListItem","position":1,"name":"Home","item":"https:\/\/www.avantio.com\/"},{"@type":"ListItem","position":2,"name":"Boostez votre entreprise gr\u00e2ce \u00e0 5 conseils essentiels concernant les photographies pour la location de vacances"}]},{"@type":"WebSite","@id":"https:\/\/www.avantio.com\/#website","url":"https:\/\/www.avantio.com\/","name":"Avantio","description":"Vacation Rental Software","publisher":{"@id":"https:\/\/www.avantio.com\/#organization"},"potentialAction":[{"@type":"SearchAction","target":{"@type":"EntryPoint","urlTemplate":"https:\/\/www.avantio.com\/?s={search_term_string}"},"query-input":{"@type":"PropertyValueSpecification","valueRequired":true,"valueName":"search_term_string"}}],"inLanguage":"fr-FR"},{"@type":"Organization","@id":"https:\/\/www.avantio.com\/#organization","name":"Avantio","url":"https:\/\/www.avantio.com\/","logo":{"@type":"ImageObject","inLanguage":"fr-FR","@id":"https:\/\/www.avantio.com\/#\/schema\/logo\/image\/","url":"https:\/\/www.avantio.com\/wp-content\/uploads\/2023\/08\/Avantio.jpg","contentUrl":"https:\/\/www.avantio.com\/wp-content\/uploads\/2023\/08\/Avantio.jpg","width":696,"height":696,"caption":"Avantio"},"image":{"@id":"https:\/\/www.avantio.com\/#\/schema\/logo\/image\/"}},{"@type":"Person","@id":"https:\/\/www.avantio.com\/#\/schema\/person\/6e84f7e423cb083c56847ac788140a5d","name":"webmaster","image":{"@type":"ImageObject","inLanguage":"fr-FR","@id":"https:\/\/www.avantio.com\/#\/schema\/person\/image\/","url":"https:\/\/secure.gravatar.com\/avatar\/ad435e83488962fb8cb3c453bb14d16bd9ec4f57920b2964ee327f8ab7373877?s=96&d=mm&r=g","contentUrl":"https:\/\/secure.gravatar.com\/avatar\/ad435e83488962fb8cb3c453bb14d16bd9ec4f57920b2964ee327f8ab7373877?s=96&d=mm&r=g","caption":"webmaster"},"sameAs":["https:\/\/www.avantio.com"]}]}},"_links":{"self":[{"href":"https:\/\/www.avantio.com\/fr\/wp-json\/wp\/v2\/posts\/3442","targetHints":{"allow":["GET"]}}],"collection":[{"href":"https:\/\/www.avantio.com\/fr\/wp-json\/wp\/v2\/posts"}],"about":[{"href":"https:\/\/www.avantio.com\/fr\/wp-json\/wp\/v2\/types\/post"}],"author":[{"embeddable":true,"href":"https:\/\/www.avantio.com\/fr\/wp-json\/wp\/v2\/users\/8"}],"replies":[{"embeddable":true,"href":"https:\/\/www.avantio.com\/fr\/wp-json\/wp\/v2\/comments?post=3442"}],"version-history":[{"count":1,"href":"https:\/\/www.avantio.com\/fr\/wp-json\/wp\/v2\/posts\/3442\/revisions"}],"predecessor-version":[{"id":3625,"href":"https:\/\/www.avantio.com\/fr\/wp-json\/wp\/v2\/posts\/3442\/revisions\/3625"}],"wp:featuredmedia":[{"embeddable":true,"href":"https:\/\/www.avantio.com\/fr\/wp-json\/wp\/v2\/media\/3443"}],"wp:attachment":[{"href":"https:\/\/www.avantio.com\/fr\/wp-json\/wp\/v2\/media?parent=3442"}],"wp:term":[{"taxonomy":"category","embeddable":true,"href":"https:\/\/www.avantio.com\/fr\/wp-json\/wp\/v2\/categories?post=3442"},{"taxonomy":"post_tag","embeddable":true,"href":"https:\/\/www.avantio.com\/fr\/wp-json\/wp\/v2\/tags?post=3442"}],"curies":[{"name":"wp","href":"https:\/\/api.w.org\/{rel}","templated":true}]}}