{"id":1840,"date":"2020-03-16T00:00:00","date_gmt":"2020-03-15T23:00:00","guid":{"rendered":"https:\/\/www.avantio.com\/recomendaciones-alquiler-vacacional-covid-19\/"},"modified":"2024-01-29T18:00:27","modified_gmt":"2024-01-29T17:00:27","slug":"recomendaciones-alquiler-vacacional-covid-19","status":"publish","type":"post","link":"https:\/\/www.avantio.com\/es\/blog\/recomendaciones-alquiler-vacacional-covid-19\/","title":{"rendered":"Gu\u00eda y recomendaciones para agencias de alquiler vacacional durante la crisis COVID-19"},"content":{"rendered":"\n<p>En las \u00faltimas semanas nuestro sector de alquiler vacacional est\u00e1 viviendo una de las situaciones m\u00e1s complicadas de los \u00faltimos tiempos por el impacto que el COVID-19 est\u00e1 teniendo a nivel global y las restricciones para viajar en la mayor\u00eda de pa\u00edses o incluso para salir de nuestras casas. Ahora m\u00e1s que nunca es momento de mantener la calma y centrarse en c\u00f3mo disminuir el impacto que esta crisis va a tener en nuestros negocios.\u00a0\u00a0<\/p>\n\n\n\n<p>Desde Avantio, queremos apoyar a nuestra comunidad en el alquiler vacacional y compartir algunos consejos que os ayuden a superar esta complicada situaci\u00f3n.\u00a0<\/p>\n\n\n\n<h2 class=\"wp-block-heading\"><strong>Links Con Informaci\u00f3n sobre el COVID-19<\/strong><\/h2>\n\n\n\n<p>Mantenerse informado a trav\u00e9s de los canales oficiales, es la mejor opci\u00f3n para conocer con exactitud la informaci\u00f3n en nuestra zona o en los mercados con los que trabajamos y poder as\u00ed mantener informados a nuestros clientes:<\/p>\n\n\n\n<ul class=\"wp-block-list\">\n<li><a href=\"https:\/\/www.mscbs.gob.es\/profesionales\/saludPublica\/ccayes\/alertasActual\/nCov-China\/home.htm\">Ministerio de Sanidad Espa\u00f1a<\/a><\/li>\n<li><a href=\"https:\/\/www.who.int\/es\/emergencies\/diseases\/novel-coronavirus-2019\/advice-for-public\">Organizaci\u00f3n Mundial de la Salud<\/a><\/li>\n<li><a href=\"https:\/\/ec.europa.eu\/info\/live-work-travel-eu\/health\/coronavirus-response\/medical_es\">Comisi\u00f3n Europea<\/a><\/li>\n<\/ul>\n\n\n\n<h2 class=\"wp-block-heading\"><strong>Consejos para reducir el impacto negativo<\/strong><\/h2>\n\n\n\n<p>Ofrecer una comunicaci\u00f3n transparente y honesta a todas las partes interesadas, Turistas, Propietarios, Empleados y Proveedores querr\u00e1n conocer cu\u00e1l es la situaci\u00f3n real.<\/p>\n\n\n\n<p>Mantenerlos informados con todas las medidas de seguridad y nuevos protocolos que la empresa est\u00e9 poniendo en marcha as\u00ed como transmitir cualquier acci\u00f3n comercial que se est\u00e9 planeando para evitar cancelaciones, en la medida de lo posible.<\/p>\n\n\n\n<h3 class=\"wp-block-heading\"><strong>S\u00e9 m\u00e1s flexible. Adapta tus t\u00e9rminos y condiciones.\u00a0<\/strong><\/h3>\n\n\n\n<p>En tiempos de incertidumbre, cuando existen tantas restricciones para viajar, tener pol\u00edticas de cancelaci\u00f3n y cambios m\u00e1s flexibles puede ayudar a mantener las reservas a meses futuros cuando se resuelva la situaci\u00f3n y disminuir el impacto o el n\u00famero de cancelaciones.<\/p>\n\n\n\n<h4 class=\"wp-block-heading\"><strong>Informaci\u00f3n para las reservas de las OTA\u2019s<\/strong><\/h4>\n\n\n\n<p>Recomendamos comprobar las acciones que las OTA globales a las que est\u00e1s conectado est\u00e1n realizando y conectar con su Account Manager para recibir informaci\u00f3n personalizada. A continuaci\u00f3n encontrar\u00e1s los enlaces a Booking.com, HomeAway, Airbnb y Expedia.\u00a0<\/p>\n\n\n\n<ul class=\"wp-block-list\">\n<li><a href=\"https:\/\/partner.booking.com\/es\/ayuda\/legalidad-y-seguridad\/informaci%C3%B3n-importante-sobre-el-coronavirus\"><strong>Booking.com<\/strong><\/a><\/li>\n<li><a href=\"https:\/\/www.homeaway.com\/discoveryhub\/tips-and-resources\/improve-performance\/covid-19\"><strong>HomeAway<\/strong><\/a><\/li>\n<li><a href=\"https:\/\/www.airbnb.es\/help\/article\/2701\/pol%C3%ADtica-de-causas-de-fuerza-mayor-relativa-al-coronavirus%C2%A0covid19?_set_bev_on_new_domain=1567595137_CPdbisxPMeHqSIl5\"><strong>Airbnb<\/strong><\/a><\/li>\n<li><a href=\"https:\/\/expediapartnersolutions.com\/resources\/news\/press\/covid-19\"><strong>Expedia<\/strong><\/a><\/li>\n<\/ul>\n\n\n\n<h3 class=\"wp-block-heading\"><strong>Informaci\u00f3n sobre restricciones en los vuelos\u00a0<\/strong><\/h3>\n\n\n\n<p>Informaci\u00f3n \u00fatil sobre las restricciones en los vuelos:<\/p>\n\n\n\n<ul class=\"wp-block-list\">\n<li><a href=\"http:\/\/www.aena.es\/es\/pasajeros\/alerta-sanitaria-nuevo-brote-coronavirus-covid-19.html\">Aena<\/a><\/li>\n<li><a href=\"https:\/\/ec.europa.eu\/info\/live-work-travel-eu\/health\/coronavirus-response\/mobility_es\">Comisi\u00f3n Europea Info Viajes<\/a><\/li>\n<\/ul>\n\n\n\n<h2 class=\"wp-block-heading\"><strong>S\u00e9 creativo y prep\u00e1rate: Implementa acciones que disminuyan el impacto<\/strong><\/h2>\n\n\n\n<p>Prepara acciones creativas para disminuir el impacto. Estas son algunas ideas que pueden ayudarte:\u00a0<\/p>\n\n\n\n<ol class=\"wp-block-list\">\n<li>Revisa tus opciones de venta cruzada, puede ser una manera de incorporar nuevos destinos para ofrecer a tus clientes.<\/li>\n<li>Trata de encontrar nuevos nichos y mercados\u00a0\u00a0<\/li>\n<li>No pierdas de vista al turista local, ser\u00e1 uno de los primeros en viajar cuando esta situaci\u00f3n mejore.\u00a0<\/li>\n<li>Optimiza tus precios pero sin hipotecar tu futuro con excesivos descuentos.<\/li>\n<\/ol>\n\n\n\n<h2 class=\"wp-block-heading\"><strong>Otros enlaces de inter\u00e9s:<\/strong><\/h2>\n\n\n\n<h3 class=\"wp-block-heading\">P\u00e1ginas Oficiales de los Gobiernos:<\/h3>\n\n\n\n<ul class=\"wp-block-list\">\n<li><a href=\"http:\/\/www.exteriores.gob.es\/Portal\/es\/Paginas\/inicio.aspx\">Espa\u00f1a<\/a><\/li>\n<li><a href=\"https:\/\/www.gov.uk\/guidance\/travel-advice-novel-coronavirus\">Reino Unido<\/a><\/li>\n<li><a href=\"https:\/\/www.diplomatie.gouv.fr\/en\/coming-to-france\/coronavirus-advice-for-visitors-to-france\/\">Francia<\/a><\/li>\n<li><a href=\"https:\/\/www.bundesgesundheitsministerium.de\/en\/press\/2020\/coronavirus.html#c17363\">Alemania<\/a><\/li>\n<li><a href=\"https:\/\/www.portugal.gov.pt\/pt\/gc22\/pesquisar?tags=coronav%C3%ADrus\">Portugal<\/a><\/li>\n<li><a href=\"http:\/\/www.salute.gov.it\/portale\/nuovocoronavirus\/dettaglioContenutiNuovoCoronavirus.jsp?lingua=italiano&amp;id=5351&amp;area=nuovoCoronavirus&amp;menu=vuoto\">Italia<\/a><\/li>\n<li><a href=\"https:\/\/www.cdc.gov\/coronavirus\/2019-ncov\/cases-in-us.html\">Estados Unidos<\/a><\/li>\n<\/ul>\n\n\n\n<p>Continuamos trabajando para nuestro sector durante estos tiempos dif\u00edciles.<\/p>\n","protected":false},"excerpt":{"rendered":"<p>En las \u00faltimas semanas nuestro sector de alquiler vacacional est\u00e1 viviendo una de las situaciones m\u00e1s complicadas de los \u00faltimos tiempos por el impacto que el COVID-19 est\u00e1 teniendo a&#8230;<\/p>\n","protected":false},"author":8,"featured_media":0,"comment_status":"closed","ping_status":"closed","sticky":false,"template":"","format":"standard","meta":{"_acf_changed":false,"om_disable_all_campaigns":false,"inline_featured_image":false,"footnotes":""},"categories":[620,631],"tags":[150],"class_list":{"0":"post-1840","1":"post","2":"type-post","3":"status-publish","4":"format-standard","6":"category-avantio-noticias","7":"category-consejos-de-negocio","8":"tag-alquiler-vacacional-covid"},"acf":[],"yoast_head":"<!-- This site is optimized with the Yoast SEO Premium plugin v27.0 (Yoast SEO v27.0) - https:\/\/yoast.com\/product\/yoast-seo-premium-wordpress\/ -->\n<title>Gu\u00eda y recomendaciones para agencias de alquiler vacacional durante la crisis COVID-19 | Avantio<\/title>\n<meta name=\"robots\" content=\"index, follow, max-snippet:-1, max-image-preview:large, max-video-preview:-1\" \/>\n<link rel=\"canonical\" href=\"https:\/\/www.avantio.com\/es\/blog\/recomendaciones-alquiler-vacacional-covid-19\/\" \/>\n<meta property=\"og:locale\" content=\"es_ES\" \/>\n<meta property=\"og:type\" content=\"article\" \/>\n<meta property=\"og:title\" content=\"Gu\u00eda y recomendaciones para agencias de alquiler vacacional durante la crisis COVID-19\" \/>\n<meta property=\"og:description\" content=\"En las \u00faltimas semanas nuestro sector de alquiler vacacional est\u00e1 viviendo una de las situaciones m\u00e1s complicadas de los \u00faltimos tiempos por el impacto que el COVID-19 est\u00e1 teniendo a...\" \/>\n<meta property=\"og:url\" content=\"https:\/\/www.avantio.com\/es\/blog\/recomendaciones-alquiler-vacacional-covid-19\/\" \/>\n<meta property=\"og:site_name\" content=\"Avantio\" \/>\n<meta property=\"article:published_time\" content=\"2020-03-15T23:00:00+00:00\" \/>\n<meta property=\"article:modified_time\" content=\"2024-01-29T17:00:27+00:00\" \/>\n<meta name=\"author\" content=\"webmaster\" \/>\n<meta name=\"twitter:card\" content=\"summary_large_image\" \/>\n<meta name=\"twitter:label1\" content=\"Escrito por\" \/>\n\t<meta name=\"twitter:data1\" content=\"webmaster\" \/>\n\t<meta name=\"twitter:label2\" content=\"Tiempo de lectura\" \/>\n\t<meta name=\"twitter:data2\" content=\"2 minutos\" \/>\n<script type=\"application\/ld+json\" class=\"yoast-schema-graph\">{\"@context\":\"https:\/\/schema.org\",\"@graph\":[{\"@type\":[\"Article\",\"BlogPosting\"],\"@id\":\"https:\/\/www.avantio.com\/es\/blog\/recomendaciones-alquiler-vacacional-covid-19\/#article\",\"isPartOf\":{\"@id\":\"https:\/\/www.avantio.com\/es\/blog\/recomendaciones-alquiler-vacacional-covid-19\/\"},\"author\":{\"name\":\"webmaster\",\"@id\":\"https:\/\/www.avantio.com\/#\/schema\/person\/6e84f7e423cb083c56847ac788140a5d\"},\"headline\":\"Gu\u00eda y recomendaciones para agencias de alquiler vacacional durante la crisis COVID-19\",\"datePublished\":\"2020-03-15T23:00:00+00:00\",\"dateModified\":\"2024-01-29T17:00:27+00:00\",\"mainEntityOfPage\":{\"@id\":\"https:\/\/www.avantio.com\/es\/blog\/recomendaciones-alquiler-vacacional-covid-19\/\"},\"wordCount\":495,\"publisher\":{\"@id\":\"https:\/\/www.avantio.com\/#organization\"},\"keywords\":[\"alquiler vacacional covid\"],\"articleSection\":[\"Avantio\",\"Consejos\"],\"inLanguage\":\"es\"},{\"@type\":\"WebPage\",\"@id\":\"https:\/\/www.avantio.com\/es\/blog\/recomendaciones-alquiler-vacacional-covid-19\/\",\"url\":\"https:\/\/www.avantio.com\/es\/blog\/recomendaciones-alquiler-vacacional-covid-19\/\",\"name\":\"Gu\u00eda y recomendaciones para agencias de alquiler vacacional durante la crisis COVID-19 | Avantio\",\"isPartOf\":{\"@id\":\"https:\/\/www.avantio.com\/#website\"},\"datePublished\":\"2020-03-15T23:00:00+00:00\",\"dateModified\":\"2024-01-29T17:00:27+00:00\",\"breadcrumb\":{\"@id\":\"https:\/\/www.avantio.com\/es\/blog\/recomendaciones-alquiler-vacacional-covid-19\/#breadcrumb\"},\"inLanguage\":\"es\",\"potentialAction\":[{\"@type\":\"ReadAction\",\"target\":[\"https:\/\/www.avantio.com\/es\/blog\/recomendaciones-alquiler-vacacional-covid-19\/\"]}]},{\"@type\":\"BreadcrumbList\",\"@id\":\"https:\/\/www.avantio.com\/es\/blog\/recomendaciones-alquiler-vacacional-covid-19\/#breadcrumb\",\"itemListElement\":[{\"@type\":\"ListItem\",\"position\":1,\"name\":\"Home\",\"item\":\"https:\/\/www.avantio.com\/\"},{\"@type\":\"ListItem\",\"position\":2,\"name\":\"Gu\u00eda y recomendaciones para agencias de alquiler vacacional durante la crisis COVID-19\"}]},{\"@type\":\"WebSite\",\"@id\":\"https:\/\/www.avantio.com\/#website\",\"url\":\"https:\/\/www.avantio.com\/\",\"name\":\"Avantio\",\"description\":\"Vacation Rental Software\",\"publisher\":{\"@id\":\"https:\/\/www.avantio.com\/#organization\"},\"potentialAction\":[{\"@type\":\"SearchAction\",\"target\":{\"@type\":\"EntryPoint\",\"urlTemplate\":\"https:\/\/www.avantio.com\/?s={search_term_string}\"},\"query-input\":{\"@type\":\"PropertyValueSpecification\",\"valueRequired\":true,\"valueName\":\"search_term_string\"}}],\"inLanguage\":\"es\"},{\"@type\":\"Organization\",\"@id\":\"https:\/\/www.avantio.com\/#organization\",\"name\":\"Avantio\",\"url\":\"https:\/\/www.avantio.com\/\",\"logo\":{\"@type\":\"ImageObject\",\"inLanguage\":\"es\",\"@id\":\"https:\/\/www.avantio.com\/#\/schema\/logo\/image\/\",\"url\":\"https:\/\/www.avantio.com\/wp-content\/uploads\/2023\/08\/Avantio.jpg\",\"contentUrl\":\"https:\/\/www.avantio.com\/wp-content\/uploads\/2023\/08\/Avantio.jpg\",\"width\":696,\"height\":696,\"caption\":\"Avantio\"},\"image\":{\"@id\":\"https:\/\/www.avantio.com\/#\/schema\/logo\/image\/\"}},{\"@type\":\"Person\",\"@id\":\"https:\/\/www.avantio.com\/#\/schema\/person\/6e84f7e423cb083c56847ac788140a5d\",\"name\":\"webmaster\",\"image\":{\"@type\":\"ImageObject\",\"inLanguage\":\"es\",\"@id\":\"https:\/\/www.avantio.com\/#\/schema\/person\/image\/\",\"url\":\"https:\/\/secure.gravatar.com\/avatar\/ad435e83488962fb8cb3c453bb14d16bd9ec4f57920b2964ee327f8ab7373877?s=96&d=mm&r=g\",\"contentUrl\":\"https:\/\/secure.gravatar.com\/avatar\/ad435e83488962fb8cb3c453bb14d16bd9ec4f57920b2964ee327f8ab7373877?s=96&d=mm&r=g\",\"caption\":\"webmaster\"},\"sameAs\":[\"https:\/\/www.avantio.com\"]}]}<\/script>\n<!-- \/ Yoast SEO Premium plugin. -->","yoast_head_json":{"title":"Gu\u00eda y recomendaciones para agencias de alquiler vacacional durante la crisis COVID-19 | Avantio","robots":{"index":"index","follow":"follow","max-snippet":"max-snippet:-1","max-image-preview":"max-image-preview:large","max-video-preview":"max-video-preview:-1"},"canonical":"https:\/\/www.avantio.com\/es\/blog\/recomendaciones-alquiler-vacacional-covid-19\/","og_locale":"es_ES","og_type":"article","og_title":"Gu\u00eda y recomendaciones para agencias de alquiler vacacional durante la crisis COVID-19","og_description":"En las \u00faltimas semanas nuestro sector de alquiler vacacional est\u00e1 viviendo una de las situaciones m\u00e1s complicadas de los \u00faltimos tiempos por el impacto que el COVID-19 est\u00e1 teniendo a...","og_url":"https:\/\/www.avantio.com\/es\/blog\/recomendaciones-alquiler-vacacional-covid-19\/","og_site_name":"Avantio","article_published_time":"2020-03-15T23:00:00+00:00","article_modified_time":"2024-01-29T17:00:27+00:00","author":"webmaster","twitter_card":"summary_large_image","twitter_misc":{"Escrito por":"webmaster","Tiempo de lectura":"2 minutos"},"schema":{"@context":"https:\/\/schema.org","@graph":[{"@type":["Article","BlogPosting"],"@id":"https:\/\/www.avantio.com\/es\/blog\/recomendaciones-alquiler-vacacional-covid-19\/#article","isPartOf":{"@id":"https:\/\/www.avantio.com\/es\/blog\/recomendaciones-alquiler-vacacional-covid-19\/"},"author":{"name":"webmaster","@id":"https:\/\/www.avantio.com\/#\/schema\/person\/6e84f7e423cb083c56847ac788140a5d"},"headline":"Gu\u00eda y recomendaciones para agencias de alquiler vacacional durante la crisis COVID-19","datePublished":"2020-03-15T23:00:00+00:00","dateModified":"2024-01-29T17:00:27+00:00","mainEntityOfPage":{"@id":"https:\/\/www.avantio.com\/es\/blog\/recomendaciones-alquiler-vacacional-covid-19\/"},"wordCount":495,"publisher":{"@id":"https:\/\/www.avantio.com\/#organization"},"keywords":["alquiler vacacional covid"],"articleSection":["Avantio","Consejos"],"inLanguage":"es"},{"@type":"WebPage","@id":"https:\/\/www.avantio.com\/es\/blog\/recomendaciones-alquiler-vacacional-covid-19\/","url":"https:\/\/www.avantio.com\/es\/blog\/recomendaciones-alquiler-vacacional-covid-19\/","name":"Gu\u00eda y recomendaciones para agencias de alquiler vacacional durante la crisis COVID-19 | Avantio","isPartOf":{"@id":"https:\/\/www.avantio.com\/#website"},"datePublished":"2020-03-15T23:00:00+00:00","dateModified":"2024-01-29T17:00:27+00:00","breadcrumb":{"@id":"https:\/\/www.avantio.com\/es\/blog\/recomendaciones-alquiler-vacacional-covid-19\/#breadcrumb"},"inLanguage":"es","potentialAction":[{"@type":"ReadAction","target":["https:\/\/www.avantio.com\/es\/blog\/recomendaciones-alquiler-vacacional-covid-19\/"]}]},{"@type":"BreadcrumbList","@id":"https:\/\/www.avantio.com\/es\/blog\/recomendaciones-alquiler-vacacional-covid-19\/#breadcrumb","itemListElement":[{"@type":"ListItem","position":1,"name":"Home","item":"https:\/\/www.avantio.com\/"},{"@type":"ListItem","position":2,"name":"Gu\u00eda y recomendaciones para agencias de alquiler vacacional durante la crisis COVID-19"}]},{"@type":"WebSite","@id":"https:\/\/www.avantio.com\/#website","url":"https:\/\/www.avantio.com\/","name":"Avantio","description":"Vacation Rental Software","publisher":{"@id":"https:\/\/www.avantio.com\/#organization"},"potentialAction":[{"@type":"SearchAction","target":{"@type":"EntryPoint","urlTemplate":"https:\/\/www.avantio.com\/?s={search_term_string}"},"query-input":{"@type":"PropertyValueSpecification","valueRequired":true,"valueName":"search_term_string"}}],"inLanguage":"es"},{"@type":"Organization","@id":"https:\/\/www.avantio.com\/#organization","name":"Avantio","url":"https:\/\/www.avantio.com\/","logo":{"@type":"ImageObject","inLanguage":"es","@id":"https:\/\/www.avantio.com\/#\/schema\/logo\/image\/","url":"https:\/\/www.avantio.com\/wp-content\/uploads\/2023\/08\/Avantio.jpg","contentUrl":"https:\/\/www.avantio.com\/wp-content\/uploads\/2023\/08\/Avantio.jpg","width":696,"height":696,"caption":"Avantio"},"image":{"@id":"https:\/\/www.avantio.com\/#\/schema\/logo\/image\/"}},{"@type":"Person","@id":"https:\/\/www.avantio.com\/#\/schema\/person\/6e84f7e423cb083c56847ac788140a5d","name":"webmaster","image":{"@type":"ImageObject","inLanguage":"es","@id":"https:\/\/www.avantio.com\/#\/schema\/person\/image\/","url":"https:\/\/secure.gravatar.com\/avatar\/ad435e83488962fb8cb3c453bb14d16bd9ec4f57920b2964ee327f8ab7373877?s=96&d=mm&r=g","contentUrl":"https:\/\/secure.gravatar.com\/avatar\/ad435e83488962fb8cb3c453bb14d16bd9ec4f57920b2964ee327f8ab7373877?s=96&d=mm&r=g","caption":"webmaster"},"sameAs":["https:\/\/www.avantio.com"]}]}},"_links":{"self":[{"href":"https:\/\/www.avantio.com\/es\/wp-json\/wp\/v2\/posts\/1840","targetHints":{"allow":["GET"]}}],"collection":[{"href":"https:\/\/www.avantio.com\/es\/wp-json\/wp\/v2\/posts"}],"about":[{"href":"https:\/\/www.avantio.com\/es\/wp-json\/wp\/v2\/types\/post"}],"author":[{"embeddable":true,"href":"https:\/\/www.avantio.com\/es\/wp-json\/wp\/v2\/users\/8"}],"replies":[{"embeddable":true,"href":"https:\/\/www.avantio.com\/es\/wp-json\/wp\/v2\/comments?post=1840"}],"version-history":[{"count":1,"href":"https:\/\/www.avantio.com\/es\/wp-json\/wp\/v2\/posts\/1840\/revisions"}],"predecessor-version":[{"id":28577,"href":"https:\/\/www.avantio.com\/es\/wp-json\/wp\/v2\/posts\/1840\/revisions\/28577"}],"wp:attachment":[{"href":"https:\/\/www.avantio.com\/es\/wp-json\/wp\/v2\/media?parent=1840"}],"wp:term":[{"taxonomy":"category","embeddable":true,"href":"https:\/\/www.avantio.com\/es\/wp-json\/wp\/v2\/categories?post=1840"},{"taxonomy":"post_tag","embeddable":true,"href":"https:\/\/www.avantio.com\/es\/wp-json\/wp\/v2\/tags?post=1840"}],"curies":[{"name":"wp","href":"https:\/\/api.w.org\/{rel}","templated":true}]}}